{"id":2046,"date":"2024-03-29T23:15:40","date_gmt":"2024-03-29T22:15:40","guid":{"rendered":"https:\/\/www.raulmayoral.es\/?p=2046"},"modified":"2024-03-29T23:17:03","modified_gmt":"2024-03-29T22:17:03","slug":"29-de-marzo-santos-jonas-y-baraquicio-327","status":"publish","type":"post","link":"https:\/\/www.raulmayoral.es\/index.php\/2024\/03\/29\/29-de-marzo-santos-jonas-y-baraquicio-327\/","title":{"rendered":"29 de marzo. Santos Jon\u00e1s y Baraquicio (&#8230; &#8211; 327)"},"content":{"rendered":"\n<p class=\"wp-block-paragraph\">Dos m\u00e1rtires persas, tal vez hermanos, proced\u00edan una aldea llamada Jassa, y fueron v\u00edctimas de la persecuci\u00f3n que desat\u00f3 contra los cristianos el rey sas\u00e1nida <strong>Sapor II.<\/strong> Hab\u00edan sido condenados a muerte nueve cristianos, y <strong>Jon\u00e1s y Baraquicio<\/strong> salieron de su aldea para visitarles en las mazmorras y transmitirles aliento. Pero se vieron comprometidos y se les encarcel\u00f3, exigi\u00e9ndoles que adoraran al soberano y rindiesen culto a los elementos de la naturaleza. <\/p>\n\n\n\n<p class=\"wp-block-paragraph\">Ante su negativa, fueron azotados y finalmente martirizados: Jon\u00e1s aplastado en una prensa para la uva y Barasquicio sufri\u00f3 el vertido de plomo derretido en su garganta. Un devoto var\u00f3n llamado <strong>Absidotas<\/strong> rescat\u00f3 los santos cuerpos por quinientos mil daries, la moneda del pa\u00eds, y tres vestidos de seda, y les dio cristiana sepultura. <\/p>\n\n\n\n<p class=\"wp-block-paragraph\">Mientras en Occidente, <strong>Constantino<\/strong> proteg\u00eda a los cristianos, en Oriente, la persecuci\u00f3n hac\u00eda m\u00e1rtires; unos ten\u00edan que resistir el halago, y otros la tortura; en Roma la absorci\u00f3n, en Persia el exterminio; en Europa las tentaciones de la influencia y del poder; en Asia las de la apostas\u00eda, doble experiencia complementaria que los cat\u00f3licos del siglo XXI conocen tambi\u00e9n. Aprendamos de <strong>San Jon\u00e1s <\/strong>y de <strong>San Baraquicio<\/strong>.<\/p>\n\n\n\n<p class=\"wp-block-paragraph\">Fuente. <em>La casa de los Santos. Un Santo para cada d\u00eda<\/em>. Carlos Pujol.<\/p>\n\n\n\n<p class=\"wp-block-paragraph\"><\/p>\n","protected":false},"excerpt":{"rendered":"<p>Dos m\u00e1rtires persas, tal vez hermanos, proced\u00edan una aldea llamada Jassa, y fueron v\u00edctimas de la persecuci\u00f3n que desat\u00f3 contra los cristianos el rey sas\u00e1nida Sapor II. Hab\u00edan sido condenados a muerte nueve cristianos, y Jon\u00e1s y Baraquicio salieron de su aldea para visitarles en las mazmorras y transmitirles aliento. Pero se vieron comprometidos y [&hellip;]<\/p>\n","protected":false},"author":1,"featured_media":2047,"comment_status":"open","ping_status":"open","sticky":false,"template":"","format":"standard","meta":{"_crdt_document":"","om_disable_all_campaigns":false,"_monsterinsights_skip_tracking":false,"_monsterinsights_sitenote_active":false,"_monsterinsights_sitenote_note":"","_monsterinsights_sitenote_category":0,"_uf_show_specific_survey":0,"_uf_disable_surveys":false,"jetpack_post_was_ever_published":false,"_jetpack_newsletter_access":"","_jetpack_dont_email_post_to_subs":false,"_jetpack_newsletter_tier_id":0,"_jetpack_memberships_contains_paywalled_content":false,"_jetpack_memberships_contains_paid_content":false,"footnotes":"","jetpack_publicize_message":"","jetpack_publicize_feature_enabled":true,"jetpack_social_post_already_shared":false,"jetpack_social_options":{"image_generator_settings":{"template":"highway","default_image_id":0,"font":"","enabled":false},"version":2}},"categories":[32],"tags":[],"class_list":["post-2046","post","type-post","status-publish","format-standard","has-post-thumbnail","hentry","category-santoral"],"aioseo_notices":[],"jetpack_publicize_connections":[],"jetpack_featured_media_url":"https:\/\/i0.wp.com\/www.raulmayoral.es\/wp-content\/uploads\/2024\/03\/29-marzo.jpg?fit=201%2C251&ssl=1","jetpack-related-posts":[],"jetpack_sharing_enabled":true,"_links":{"self":[{"href":"https:\/\/www.raulmayoral.es\/index.php\/wp-json\/wp\/v2\/posts\/2046","targetHints":{"allow":["GET"]}}],"collection":[{"href":"https:\/\/www.raulmayoral.es\/index.php\/wp-json\/wp\/v2\/posts"}],"about":[{"href":"https:\/\/www.raulmayoral.es\/index.php\/wp-json\/wp\/v2\/types\/post"}],"author":[{"embeddable":true,"href":"https:\/\/www.raulmayoral.es\/index.php\/wp-json\/wp\/v2\/users\/1"}],"replies":[{"embeddable":true,"href":"https:\/\/www.raulmayoral.es\/index.php\/wp-json\/wp\/v2\/comments?post=2046"}],"version-history":[{"count":2,"href":"https:\/\/www.raulmayoral.es\/index.php\/wp-json\/wp\/v2\/posts\/2046\/revisions"}],"predecessor-version":[{"id":2049,"href":"https:\/\/www.raulmayoral.es\/index.php\/wp-json\/wp\/v2\/posts\/2046\/revisions\/2049"}],"wp:featuredmedia":[{"embeddable":true,"href":"https:\/\/www.raulmayoral.es\/index.php\/wp-json\/wp\/v2\/media\/2047"}],"wp:attachment":[{"href":"https:\/\/www.raulmayoral.es\/index.php\/wp-json\/wp\/v2\/media?parent=2046"}],"wp:term":[{"taxonomy":"category","embeddable":true,"href":"https:\/\/www.raulmayoral.es\/index.php\/wp-json\/wp\/v2\/categories?post=2046"},{"taxonomy":"post_tag","embeddable":true,"href":"https:\/\/www.raulmayoral.es\/index.php\/wp-json\/wp\/v2\/tags?post=2046"}],"curies":[{"name":"wp","href":"https:\/\/api.w.org\/{rel}","templated":true}]}}