{"id":2072,"date":"2024-04-05T19:41:58","date_gmt":"2024-04-05T17:41:58","guid":{"rendered":"https:\/\/www.raulmayoral.es\/?p=2072"},"modified":"2024-04-05T19:42:01","modified_gmt":"2024-04-05T17:42:01","slug":"5-de-abril-san-vicente-ferrer-1359-1419","status":"publish","type":"post","link":"https:\/\/www.raulmayoral.es\/index.php\/2024\/04\/05\/5-de-abril-san-vicente-ferrer-1359-1419\/","title":{"rendered":"5 de abril. San Vicente Ferrer (1359-1419)"},"content":{"rendered":"\n<p class=\"wp-block-paragraph\"> Fraile dominico, predicador, catedr\u00e1tico de teolog\u00eda, a fray <strong>Vicente<\/strong> no se le resist\u00edan las almas. Con sus sermones logr\u00f3 conversiones en masa, atra\u00eda al cristianismo a jud\u00edos y moros, e impulsaba a que le siguieran muchedumbres de hasta diez mil personas.<\/p>\n\n\n\n<p class=\"wp-block-paragraph\">Ap\u00f3stol de Europa, que desde su Valencia natal, de la que es popular\u00edsimo patr\u00f3n, recorri\u00f3 Francia, Italia, Suiza Y Alemania haci\u00e9ndose entender por gentes que ignoraban la lengua materna del orador, Suscit\u00f3 vocaciones semejantes a la suya, como la de<strong> San Bernardino de Siena<\/strong>, y su recuerdo va unido a toda una milagrer\u00eda de incierta comprobaci\u00f3n. <\/p>\n\n\n\n<p class=\"wp-block-paragraph\">Tambi\u00e9n fue consejero pol\u00edtico siendo uno de los grandes defensores de Benedicto XIII, el <strong>Papa Luna<\/strong>, a quien poco antes de morir retir\u00f3 su apoyo para poner fin al cisma de Occidente. En 1412 ser\u00eda uno de los protagonistas del compromiso de Caspe, preludio de la unidad de Espa\u00f1a. A <strong>San Vicente<\/strong> se le admira por el don de la palabra, que \u00e9l consideraba de Dios y no m\u00e9rito suyo.<\/p>\n\n\n\n<p class=\"wp-block-paragraph\">Fuente. <em>La casa de los Santos. Un Santo para cada d\u00eda<\/em>. Carlos Pujol<\/p>\n","protected":false},"excerpt":{"rendered":"<p>Fraile dominico, predicador, catedr\u00e1tico de teolog\u00eda, a fray Vicente no se le resist\u00edan las almas. Con sus sermones logr\u00f3 conversiones en masa, atra\u00eda al cristianismo a jud\u00edos y moros, e impulsaba a que le siguieran muchedumbres de hasta diez mil personas. Ap\u00f3stol de Europa, que desde su Valencia natal, de la que es popular\u00edsimo patr\u00f3n, [&hellip;]<\/p>\n","protected":false},"author":1,"featured_media":2073,"comment_status":"open","ping_status":"open","sticky":false,"template":"","format":"standard","meta":{"_crdt_document":"","om_disable_all_campaigns":false,"_monsterinsights_skip_tracking":false,"_monsterinsights_sitenote_active":false,"_monsterinsights_sitenote_note":"","_monsterinsights_sitenote_category":0,"_uf_show_specific_survey":0,"_uf_disable_surveys":false,"jetpack_post_was_ever_published":false,"_jetpack_newsletter_access":"","_jetpack_dont_email_post_to_subs":false,"_jetpack_newsletter_tier_id":0,"_jetpack_memberships_contains_paywalled_content":false,"_jetpack_memberships_contains_paid_content":false,"footnotes":"","jetpack_publicize_message":"","jetpack_publicize_feature_enabled":true,"jetpack_social_post_already_shared":false,"jetpack_social_options":{"image_generator_settings":{"template":"highway","default_image_id":0,"font":"","enabled":false},"version":2}},"categories":[32],"tags":[],"class_list":["post-2072","post","type-post","status-publish","format-standard","has-post-thumbnail","hentry","category-santoral"],"aioseo_notices":[],"jetpack_publicize_connections":[],"jetpack_featured_media_url":"https:\/\/i0.wp.com\/www.raulmayoral.es\/wp-content\/uploads\/2024\/04\/5-de-abril.jpg?fit=1473%2C1920&ssl=1","jetpack-related-posts":[],"jetpack_sharing_enabled":true,"_links":{"self":[{"href":"https:\/\/www.raulmayoral.es\/index.php\/wp-json\/wp\/v2\/posts\/2072","targetHints":{"allow":["GET"]}}],"collection":[{"href":"https:\/\/www.raulmayoral.es\/index.php\/wp-json\/wp\/v2\/posts"}],"about":[{"href":"https:\/\/www.raulmayoral.es\/index.php\/wp-json\/wp\/v2\/types\/post"}],"author":[{"embeddable":true,"href":"https:\/\/www.raulmayoral.es\/index.php\/wp-json\/wp\/v2\/users\/1"}],"replies":[{"embeddable":true,"href":"https:\/\/www.raulmayoral.es\/index.php\/wp-json\/wp\/v2\/comments?post=2072"}],"version-history":[{"count":2,"href":"https:\/\/www.raulmayoral.es\/index.php\/wp-json\/wp\/v2\/posts\/2072\/revisions"}],"predecessor-version":[{"id":2075,"href":"https:\/\/www.raulmayoral.es\/index.php\/wp-json\/wp\/v2\/posts\/2072\/revisions\/2075"}],"wp:featuredmedia":[{"embeddable":true,"href":"https:\/\/www.raulmayoral.es\/index.php\/wp-json\/wp\/v2\/media\/2073"}],"wp:attachment":[{"href":"https:\/\/www.raulmayoral.es\/index.php\/wp-json\/wp\/v2\/media?parent=2072"}],"wp:term":[{"taxonomy":"category","embeddable":true,"href":"https:\/\/www.raulmayoral.es\/index.php\/wp-json\/wp\/v2\/categories?post=2072"},{"taxonomy":"post_tag","embeddable":true,"href":"https:\/\/www.raulmayoral.es\/index.php\/wp-json\/wp\/v2\/tags?post=2072"}],"curies":[{"name":"wp","href":"https:\/\/api.w.org\/{rel}","templated":true}]}}