{"id":2076,"date":"2024-04-06T16:12:45","date_gmt":"2024-04-06T14:12:45","guid":{"rendered":"https:\/\/www.raulmayoral.es\/?p=2076"},"modified":"2024-04-06T16:12:47","modified_gmt":"2024-04-06T14:12:47","slug":"6-de-abril-san-prudencio-galindo-861","status":"publish","type":"post","link":"https:\/\/www.raulmayoral.es\/index.php\/2024\/04\/06\/6-de-abril-san-prudencio-galindo-861\/","title":{"rendered":"6 de abril. San Prudencio Galindo (&#8230;- 861)"},"content":{"rendered":"\n<p class=\"wp-block-paragraph\">Espa\u00f1ol de origen pirenaico, quiz\u00e1s aragon\u00e9s o catal\u00e1n, y posiblemente emparentado con los condes de Arag\u00f3n, <strong>Prudencio<\/strong> sali\u00f3 de su patria invadida por los musulmanes, y como otros espa\u00f1oles ilustres de su tiempo, encontr\u00f3 asilo en la corte carolingia. Destac\u00f3 como te\u00f3logo e historiador, capell\u00e1n y consejero de <strong>Ludovico P\u00edo<\/strong> y <strong>Carlos el Calvo<\/strong>, y desde mediados de siglo hasta su muerte, obispo de la ciudad de Troyes, en la Champa\u00f1a. <\/p>\n\n\n\n<p class=\"wp-block-paragraph\">Dej\u00f3 escritas dos obras,<em> Anales reales<\/em>, resonantes pol\u00e9micas sobre la predestinaci\u00f3n, y <em>Breviarium psalterii<\/em> y <em>Florilegium ex Sacra Scriptura<\/em>, estas dos \u00faltimas sobre la piedad. Se enorgullec\u00eda de su hisp\u00e1nico origen, de hecho adopt\u00f3 su primer nombre como homenaje al gran poeta de la Espa\u00f1a cristiana primitiva.<\/p>\n\n\n\n<p class=\"wp-block-paragraph\">Admirable pastor de almas, prelado fuerte con exigencias y sin blandura, pero entregado a la caridad, <strong>San Prudencio Galindo<\/strong>, fue venerado como santo por la ciudad de Troyes desde muy poco despu\u00e9s de su muerte.<\/p>\n\n\n\n<p class=\"wp-block-paragraph\">Fuente. <em>La casa de los Santos. Un Santo para cada d\u00eda<\/em>. Carlos Pujol.<\/p>\n\n\n\n<figure class=\"wp-block-image size-large\"><img data-recalc-dims=\"1\" loading=\"lazy\" decoding=\"async\" width=\"625\" height=\"176\" src=\"https:\/\/i0.wp.com\/www.raulmayoral.es\/wp-content\/uploads\/2024\/04\/cabecera-Libercast.jpg?resize=625%2C176&#038;ssl=1\" alt=\"\" class=\"wp-image-2078\" srcset=\"https:\/\/i0.wp.com\/www.raulmayoral.es\/wp-content\/uploads\/2024\/04\/cabecera-Libercast.jpg?resize=1024%2C288&amp;ssl=1 1024w, https:\/\/i0.wp.com\/www.raulmayoral.es\/wp-content\/uploads\/2024\/04\/cabecera-Libercast.jpg?resize=300%2C84&amp;ssl=1 300w, https:\/\/i0.wp.com\/www.raulmayoral.es\/wp-content\/uploads\/2024\/04\/cabecera-Libercast.jpg?resize=768%2C216&amp;ssl=1 768w, https:\/\/i0.wp.com\/www.raulmayoral.es\/wp-content\/uploads\/2024\/04\/cabecera-Libercast.jpg?resize=624%2C175&amp;ssl=1 624w, https:\/\/i0.wp.com\/www.raulmayoral.es\/wp-content\/uploads\/2024\/04\/cabecera-Libercast.jpg?w=1252&amp;ssl=1 1252w\" sizes=\"auto, (max-width: 625px) 100vw, 625px\" \/><\/figure>\n\n\n\n<p class=\"wp-block-paragraph\"><\/p>\n","protected":false},"excerpt":{"rendered":"<p>Espa\u00f1ol de origen pirenaico, quiz\u00e1s aragon\u00e9s o catal\u00e1n, y posiblemente emparentado con los condes de Arag\u00f3n, Prudencio sali\u00f3 de su patria invadida por los musulmanes, y como otros espa\u00f1oles ilustres de su tiempo, encontr\u00f3 asilo en la corte carolingia. Destac\u00f3 como te\u00f3logo e historiador, capell\u00e1n y consejero de Ludovico P\u00edo y Carlos el Calvo, y [&hellip;]<\/p>\n","protected":false},"author":1,"featured_media":2077,"comment_status":"open","ping_status":"open","sticky":false,"template":"","format":"standard","meta":{"_crdt_document":"","om_disable_all_campaigns":false,"_monsterinsights_skip_tracking":false,"_monsterinsights_sitenote_active":false,"_monsterinsights_sitenote_note":"","_monsterinsights_sitenote_category":0,"_uf_show_specific_survey":0,"_uf_disable_surveys":false,"jetpack_post_was_ever_published":false,"_jetpack_newsletter_access":"","_jetpack_dont_email_post_to_subs":false,"_jetpack_newsletter_tier_id":0,"_jetpack_memberships_contains_paywalled_content":false,"_jetpack_memberships_contains_paid_content":false,"footnotes":"","jetpack_publicize_message":"","jetpack_publicize_feature_enabled":true,"jetpack_social_post_already_shared":false,"jetpack_social_options":{"image_generator_settings":{"template":"highway","default_image_id":0,"font":"","enabled":false},"version":2}},"categories":[32],"tags":[],"class_list":["post-2076","post","type-post","status-publish","format-standard","has-post-thumbnail","hentry","category-santoral"],"aioseo_notices":[],"jetpack_publicize_connections":[],"jetpack_featured_media_url":"https:\/\/i0.wp.com\/www.raulmayoral.es\/wp-content\/uploads\/2024\/04\/6-abril.jpg?fit=1030%2C600&ssl=1","jetpack-related-posts":[],"jetpack_sharing_enabled":true,"_links":{"self":[{"href":"https:\/\/www.raulmayoral.es\/index.php\/wp-json\/wp\/v2\/posts\/2076","targetHints":{"allow":["GET"]}}],"collection":[{"href":"https:\/\/www.raulmayoral.es\/index.php\/wp-json\/wp\/v2\/posts"}],"about":[{"href":"https:\/\/www.raulmayoral.es\/index.php\/wp-json\/wp\/v2\/types\/post"}],"author":[{"embeddable":true,"href":"https:\/\/www.raulmayoral.es\/index.php\/wp-json\/wp\/v2\/users\/1"}],"replies":[{"embeddable":true,"href":"https:\/\/www.raulmayoral.es\/index.php\/wp-json\/wp\/v2\/comments?post=2076"}],"version-history":[{"count":2,"href":"https:\/\/www.raulmayoral.es\/index.php\/wp-json\/wp\/v2\/posts\/2076\/revisions"}],"predecessor-version":[{"id":2080,"href":"https:\/\/www.raulmayoral.es\/index.php\/wp-json\/wp\/v2\/posts\/2076\/revisions\/2080"}],"wp:featuredmedia":[{"embeddable":true,"href":"https:\/\/www.raulmayoral.es\/index.php\/wp-json\/wp\/v2\/media\/2077"}],"wp:attachment":[{"href":"https:\/\/www.raulmayoral.es\/index.php\/wp-json\/wp\/v2\/media?parent=2076"}],"wp:term":[{"taxonomy":"category","embeddable":true,"href":"https:\/\/www.raulmayoral.es\/index.php\/wp-json\/wp\/v2\/categories?post=2076"},{"taxonomy":"post_tag","embeddable":true,"href":"https:\/\/www.raulmayoral.es\/index.php\/wp-json\/wp\/v2\/tags?post=2076"}],"curies":[{"name":"wp","href":"https:\/\/api.w.org\/{rel}","templated":true}]}}