{"id":2084,"date":"2024-04-08T13:45:49","date_gmt":"2024-04-08T11:45:49","guid":{"rendered":"https:\/\/www.raulmayoral.es\/?p=2084"},"modified":"2024-04-09T14:06:29","modified_gmt":"2024-04-09T12:06:29","slug":"8-de-abril-dionisio-de-corinto-siglo-ii","status":"publish","type":"post","link":"https:\/\/www.raulmayoral.es\/index.php\/2024\/04\/08\/8-de-abril-dionisio-de-corinto-siglo-ii\/","title":{"rendered":"8 de abril. San Dionisio de Corinto (siglo II)"},"content":{"rendered":"\n<p class=\"wp-block-paragraph\">Mucho menos vistoso y popular que su hom\u00f3nimo de Par\u00eds, de \u00e9ste <strong>San Dionisio<\/strong> s\u00f3lo sabemos que fue griego, obispo de Corinto hacia el a\u00f1o 171 y que escribi\u00f3 varias cartas pastorales, algunos de cuyos fragmentos hoy se conservan.<\/p>\n\n\n\n<p class=\"wp-block-paragraph\">Destac\u00f3 por sus dignidad episcopal y por su encendido celo por comunicar la verdad, por escribir y escribir. Escribi\u00f3 a los lacedemonios con el t\u00edtulo de <em>La paz y la unidad <\/em>sobre la doctrina cat\u00f3lica; a los atenienses sobre la vida evang\u00e9lica que deben observar, a la iglesia de Nicomedia contra las herej\u00edas de <strong>Marci\u00f3n<\/strong>, y tambi\u00e9n a los cristianos de Cand\u00eda y del Ponto.<\/p>\n\n\n\n<p class=\"wp-block-paragraph\">No solo se ocup\u00f3 de los fieles de su di\u00f3cesis, sino tambi\u00e9n exhortaba a los de regiones m\u00e1s apartadas, consider\u00e1ndose a s\u00ed mismo responsable de ellos. Ap\u00f3stol sin fronteras que viaja sin moverse de Corinto por obra de la pluma y el papel, su voz se oye en todo el Mediterr\u00e1neo para que sea mar de nuestra fe.<\/p>\n\n\n\n<p class=\"wp-block-paragraph\">Fuente: <em>La casa de los Santos. Un Santo para cada d\u00eda.<\/em> Carlos Pujol,  <\/p>\n\n\n\n<p class=\"wp-block-paragraph\"><\/p>\n","protected":false},"excerpt":{"rendered":"<p>Mucho menos vistoso y popular que su hom\u00f3nimo de Par\u00eds, de \u00e9ste San Dionisio s\u00f3lo sabemos que fue griego, obispo de Corinto hacia el a\u00f1o 171 y que escribi\u00f3 varias cartas pastorales, algunos de cuyos fragmentos hoy se conservan. Destac\u00f3 por sus dignidad episcopal y por su encendido celo por comunicar la verdad, por escribir [&hellip;]<\/p>\n","protected":false},"author":1,"featured_media":2085,"comment_status":"open","ping_status":"open","sticky":false,"template":"","format":"standard","meta":{"_crdt_document":"","om_disable_all_campaigns":false,"_monsterinsights_skip_tracking":false,"_monsterinsights_sitenote_active":false,"_monsterinsights_sitenote_note":"","_monsterinsights_sitenote_category":0,"_uf_show_specific_survey":0,"_uf_disable_surveys":false,"jetpack_post_was_ever_published":false,"_jetpack_newsletter_access":"","_jetpack_dont_email_post_to_subs":false,"_jetpack_newsletter_tier_id":0,"_jetpack_memberships_contains_paywalled_content":false,"_jetpack_memberships_contains_paid_content":false,"footnotes":"","jetpack_publicize_message":"","jetpack_publicize_feature_enabled":true,"jetpack_social_post_already_shared":false,"jetpack_social_options":{"image_generator_settings":{"template":"highway","default_image_id":0,"font":"","enabled":false},"version":2}},"categories":[32],"tags":[],"class_list":["post-2084","post","type-post","status-publish","format-standard","has-post-thumbnail","hentry","category-santoral"],"aioseo_notices":[],"jetpack_publicize_connections":[],"jetpack_featured_media_url":"https:\/\/i0.wp.com\/www.raulmayoral.es\/wp-content\/uploads\/2024\/04\/8-abril.jpg?fit=306%2C165&ssl=1","jetpack-related-posts":[],"jetpack_sharing_enabled":true,"_links":{"self":[{"href":"https:\/\/www.raulmayoral.es\/index.php\/wp-json\/wp\/v2\/posts\/2084","targetHints":{"allow":["GET"]}}],"collection":[{"href":"https:\/\/www.raulmayoral.es\/index.php\/wp-json\/wp\/v2\/posts"}],"about":[{"href":"https:\/\/www.raulmayoral.es\/index.php\/wp-json\/wp\/v2\/types\/post"}],"author":[{"embeddable":true,"href":"https:\/\/www.raulmayoral.es\/index.php\/wp-json\/wp\/v2\/users\/1"}],"replies":[{"embeddable":true,"href":"https:\/\/www.raulmayoral.es\/index.php\/wp-json\/wp\/v2\/comments?post=2084"}],"version-history":[{"count":2,"href":"https:\/\/www.raulmayoral.es\/index.php\/wp-json\/wp\/v2\/posts\/2084\/revisions"}],"predecessor-version":[{"id":2092,"href":"https:\/\/www.raulmayoral.es\/index.php\/wp-json\/wp\/v2\/posts\/2084\/revisions\/2092"}],"wp:featuredmedia":[{"embeddable":true,"href":"https:\/\/www.raulmayoral.es\/index.php\/wp-json\/wp\/v2\/media\/2085"}],"wp:attachment":[{"href":"https:\/\/www.raulmayoral.es\/index.php\/wp-json\/wp\/v2\/media?parent=2084"}],"wp:term":[{"taxonomy":"category","embeddable":true,"href":"https:\/\/www.raulmayoral.es\/index.php\/wp-json\/wp\/v2\/categories?post=2084"},{"taxonomy":"post_tag","embeddable":true,"href":"https:\/\/www.raulmayoral.es\/index.php\/wp-json\/wp\/v2\/tags?post=2084"}],"curies":[{"name":"wp","href":"https:\/\/api.w.org\/{rel}","templated":true}]}}