{"id":2102,"date":"2024-04-11T22:51:21","date_gmt":"2024-04-11T20:51:21","guid":{"rendered":"https:\/\/www.raulmayoral.es\/?p=2102"},"modified":"2024-04-11T22:51:22","modified_gmt":"2024-04-11T20:51:22","slug":"11-de-abril-san-estanislao-de-cracovia-1030-1079","status":"publish","type":"post","link":"https:\/\/www.raulmayoral.es\/index.php\/2024\/04\/11\/11-de-abril-san-estanislao-de-cracovia-1030-1079\/","title":{"rendered":"11 de abril. San Estanislao de Cracovia (1030-1079)"},"content":{"rendered":"\n<p class=\"wp-block-paragraph\">De origen polaco, estudi\u00f3 en Par\u00eds, regres\u00f3 a Polonia y una revoluci\u00f3n interior cambi\u00f3 sus planes de saber y conocimiento. <strong>Estanislao<\/strong> se orden\u00f3 sacerdote y m\u00e1s tarde, en 1072, fue elegido obispo de Cracovia.<\/p>\n\n\n\n<p class=\"wp-block-paragraph\">Desde su di\u00f3cesis, tuvo que enfrentarse al rey <strong>Boleslao II el Atrevido<\/strong>, de vida desordenada, de vicios monstruosos, para quien no hab\u00eda depravaci\u00f3n ni atropello que no considerase l\u00edcito. El obispo le amonest\u00f3 una y otra vez, siendo por ello objeto de escarnios y humillaciones. Como aquel no se doblegaba ante el poder regio, provoc\u00f3 la c\u00f3lera de \u00e9ste que hac\u00eda temblar a toda Polonia. Cuando Boleslao fue excomulgado, se dio la orden de matar al insolente que desafiaba su poder. Nadie se atrevi\u00f3 a cumplir los deseos del monarca, siendo \u00e9ste mismo quien dio muerte al prelado.<\/p>\n\n\n\n<p class=\"wp-block-paragraph\"><strong>San Estanislao<\/strong> muri\u00f3 ante el altar, estaba celebrando misa en la iglesia de San Miguel de Cracovia. Su cad\u00e1ver, lleno de sangre y despedazado a golpes de espada, se expuso como escarmiento en plena calle. El asesino partir\u00eda despu\u00e9s hacia el destierro, donde muri\u00f3. El m\u00e1rtir, nueve siglos despu\u00e9s, permanece en la memoria de los polacos como s\u00edmbolo de la verdad indomable que no se silencia y que hace libres a quienes la proclaman. <\/p>\n\n\n\n<p class=\"wp-block-paragraph\">Fuente. <em>La casa de los Santos. Un Santo para cada d\u00eda<\/em>. Carlos Pujol<\/p>\n\n\n\n<p class=\"wp-block-paragraph\">Libercast: <a href=\"https:\/\/youtube.com\/shorts\/frHnsHTo09Y?si=ab38XWG124ls153Z\" title=\"\">https:\/\/youtube.com\/shorts\/frHnsHTo09Y?si=ab38XWG124ls153Z<\/a><\/p>\n","protected":false},"excerpt":{"rendered":"<p>De origen polaco, estudi\u00f3 en Par\u00eds, regres\u00f3 a Polonia y una revoluci\u00f3n interior cambi\u00f3 sus planes de saber y conocimiento. Estanislao se orden\u00f3 sacerdote y m\u00e1s tarde, en 1072, fue elegido obispo de Cracovia. Desde su di\u00f3cesis, tuvo que enfrentarse al rey Boleslao II el Atrevido, de vida desordenada, de vicios monstruosos, para quien no [&hellip;]<\/p>\n","protected":false},"author":1,"featured_media":2103,"comment_status":"open","ping_status":"open","sticky":false,"template":"","format":"standard","meta":{"_crdt_document":"","om_disable_all_campaigns":false,"_monsterinsights_skip_tracking":false,"_monsterinsights_sitenote_active":false,"_monsterinsights_sitenote_note":"","_monsterinsights_sitenote_category":0,"_uf_show_specific_survey":0,"_uf_disable_surveys":false,"jetpack_post_was_ever_published":false,"_jetpack_newsletter_access":"","_jetpack_dont_email_post_to_subs":false,"_jetpack_newsletter_tier_id":0,"_jetpack_memberships_contains_paywalled_content":false,"_jetpack_memberships_contains_paid_content":false,"footnotes":"","jetpack_publicize_message":"","jetpack_publicize_feature_enabled":true,"jetpack_social_post_already_shared":false,"jetpack_social_options":{"image_generator_settings":{"template":"highway","default_image_id":0,"font":"","enabled":false},"version":2}},"categories":[32],"tags":[],"class_list":["post-2102","post","type-post","status-publish","format-standard","has-post-thumbnail","hentry","category-santoral"],"aioseo_notices":[],"jetpack_publicize_connections":[],"jetpack_featured_media_url":"https:\/\/i0.wp.com\/www.raulmayoral.es\/wp-content\/uploads\/2024\/04\/11-abril.jpg?fit=660%2C371&ssl=1","jetpack-related-posts":[],"jetpack_sharing_enabled":true,"_links":{"self":[{"href":"https:\/\/www.raulmayoral.es\/index.php\/wp-json\/wp\/v2\/posts\/2102","targetHints":{"allow":["GET"]}}],"collection":[{"href":"https:\/\/www.raulmayoral.es\/index.php\/wp-json\/wp\/v2\/posts"}],"about":[{"href":"https:\/\/www.raulmayoral.es\/index.php\/wp-json\/wp\/v2\/types\/post"}],"author":[{"embeddable":true,"href":"https:\/\/www.raulmayoral.es\/index.php\/wp-json\/wp\/v2\/users\/1"}],"replies":[{"embeddable":true,"href":"https:\/\/www.raulmayoral.es\/index.php\/wp-json\/wp\/v2\/comments?post=2102"}],"version-history":[{"count":1,"href":"https:\/\/www.raulmayoral.es\/index.php\/wp-json\/wp\/v2\/posts\/2102\/revisions"}],"predecessor-version":[{"id":2104,"href":"https:\/\/www.raulmayoral.es\/index.php\/wp-json\/wp\/v2\/posts\/2102\/revisions\/2104"}],"wp:featuredmedia":[{"embeddable":true,"href":"https:\/\/www.raulmayoral.es\/index.php\/wp-json\/wp\/v2\/media\/2103"}],"wp:attachment":[{"href":"https:\/\/www.raulmayoral.es\/index.php\/wp-json\/wp\/v2\/media?parent=2102"}],"wp:term":[{"taxonomy":"category","embeddable":true,"href":"https:\/\/www.raulmayoral.es\/index.php\/wp-json\/wp\/v2\/categories?post=2102"},{"taxonomy":"post_tag","embeddable":true,"href":"https:\/\/www.raulmayoral.es\/index.php\/wp-json\/wp\/v2\/tags?post=2102"}],"curies":[{"name":"wp","href":"https:\/\/api.w.org\/{rel}","templated":true}]}}