{"id":2122,"date":"2024-04-16T17:46:46","date_gmt":"2024-04-16T15:46:46","guid":{"rendered":"https:\/\/www.raulmayoral.es\/?p=2122"},"modified":"2024-07-06T16:49:40","modified_gmt":"2024-07-06T14:49:40","slug":"16-de-abril-santa-bernadeta-de-soubirous-1844-1879","status":"publish","type":"post","link":"https:\/\/www.raulmayoral.es\/index.php\/2024\/04\/16\/16-de-abril-santa-bernadeta-de-soubirous-1844-1879\/","title":{"rendered":"16 de abril. Santa Bernadeta de Soubirous (1844-1879)"},"content":{"rendered":"\n<p class=\"wp-block-paragraph\">El jueves 11 de febrero de 1858 su madre la env\u00eda a recoger le\u00f1a a orillas del Gave acompa\u00f1ada por su hermana menor y la amiga de ambas, Jeanne Abadie; es entonces cuando la ni\u00f1a, de catorce a\u00f1os, d\u00e9bil complexi\u00f3n y sufriendo asma, ve a una bella Se\u00f1ora en la gruta de Massabielle. \u00abSoy la Inmaculada Concepci\u00f3n\u00bb, le dir\u00e1 la <strong>Virgen<\/strong>. Es la primera de las dieciocho apariciones que se suceder\u00e1n hasta el 16 de julio.<\/p>\n\n\n\n<p class=\"wp-block-paragraph\">Empieza un calvario de desconfiados interrogatorios, amenazas, coacciones e insultos. <strong>Bernadette<\/strong> lo resiste todo con una dignidad y una paciencia que acaban por impresionar a sus jueces; hasta que Lourdes se convierte en un hecho de dimensiones universales. A los veintid\u00f3s a\u00f1os ella se retira a convento de las hermanas de la Caridad de Nevers convirti\u00e9ndose en sor <strong>Mar\u00eda Bernarda<\/strong>. Contin\u00faan importun\u00e1ndola (\u00abVienen a verme como un bicho raro\u00bb), pero la hija del humild\u00edsimo molinero <strong>Soubirous<\/strong> ser\u00e1 una monja m\u00e1s, siempre luchando contra el asma (\u00abMi trabajo es estar enferma\u00bb), hasta que muere tras una dolorosa enfermedad a los treinta y cinco a\u00f1os.<\/p>\n\n\n\n<p class=\"wp-block-paragraph\">La privilegiada <strong>Santa Bernadeta<\/strong> desaparece en seguida en lo oscuro mientras Lourdes pasa a ser el mayor centro de peregrinaciones de los tiempos modernos, dejando toda la luz, la gran estela de milagros, para la Virgen; ella se oculta en la insignificancia y muere besando el crucifijo para vencer su miedo a la muerte \u00ab\u00a1Cu\u00e1nto se tarda en llegar al Cielo\u00bb!<\/p>\n","protected":false},"excerpt":{"rendered":"<p>El jueves 11 de febrero de 1858 su madre la env\u00eda a recoger le\u00f1a a orillas del Gave acompa\u00f1ada por su hermana menor y la amiga de ambas, Jeanne Abadie; es entonces cuando la ni\u00f1a, de catorce a\u00f1os, d\u00e9bil complexi\u00f3n y sufriendo asma, ve a una bella Se\u00f1ora en la gruta de Massabielle. \u00abSoy la [&hellip;]<\/p>\n","protected":false},"author":1,"featured_media":2123,"comment_status":"open","ping_status":"open","sticky":false,"template":"","format":"standard","meta":{"_crdt_document":"","om_disable_all_campaigns":false,"_monsterinsights_skip_tracking":false,"_monsterinsights_sitenote_active":false,"_monsterinsights_sitenote_note":"","_monsterinsights_sitenote_category":0,"_uf_show_specific_survey":0,"_uf_disable_surveys":false,"jetpack_post_was_ever_published":false,"_jetpack_newsletter_access":"","_jetpack_dont_email_post_to_subs":false,"_jetpack_newsletter_tier_id":0,"_jetpack_memberships_contains_paywalled_content":false,"_jetpack_memberships_contains_paid_content":false,"footnotes":"","jetpack_publicize_message":"","jetpack_publicize_feature_enabled":true,"jetpack_social_post_already_shared":false,"jetpack_social_options":{"image_generator_settings":{"template":"highway","default_image_id":0,"font":"","enabled":false},"version":2}},"categories":[32],"tags":[],"class_list":["post-2122","post","type-post","status-publish","format-standard","has-post-thumbnail","hentry","category-santoral"],"aioseo_notices":[],"jetpack_publicize_connections":[],"jetpack_featured_media_url":"https:\/\/i0.wp.com\/www.raulmayoral.es\/wp-content\/uploads\/2024\/04\/16-abril.jpg?fit=305%2C165&ssl=1","jetpack-related-posts":[],"jetpack_sharing_enabled":true,"_links":{"self":[{"href":"https:\/\/www.raulmayoral.es\/index.php\/wp-json\/wp\/v2\/posts\/2122","targetHints":{"allow":["GET"]}}],"collection":[{"href":"https:\/\/www.raulmayoral.es\/index.php\/wp-json\/wp\/v2\/posts"}],"about":[{"href":"https:\/\/www.raulmayoral.es\/index.php\/wp-json\/wp\/v2\/types\/post"}],"author":[{"embeddable":true,"href":"https:\/\/www.raulmayoral.es\/index.php\/wp-json\/wp\/v2\/users\/1"}],"replies":[{"embeddable":true,"href":"https:\/\/www.raulmayoral.es\/index.php\/wp-json\/wp\/v2\/comments?post=2122"}],"version-history":[{"count":2,"href":"https:\/\/www.raulmayoral.es\/index.php\/wp-json\/wp\/v2\/posts\/2122\/revisions"}],"predecessor-version":[{"id":2125,"href":"https:\/\/www.raulmayoral.es\/index.php\/wp-json\/wp\/v2\/posts\/2122\/revisions\/2125"}],"wp:featuredmedia":[{"embeddable":true,"href":"https:\/\/www.raulmayoral.es\/index.php\/wp-json\/wp\/v2\/media\/2123"}],"wp:attachment":[{"href":"https:\/\/www.raulmayoral.es\/index.php\/wp-json\/wp\/v2\/media?parent=2122"}],"wp:term":[{"taxonomy":"category","embeddable":true,"href":"https:\/\/www.raulmayoral.es\/index.php\/wp-json\/wp\/v2\/categories?post=2122"},{"taxonomy":"post_tag","embeddable":true,"href":"https:\/\/www.raulmayoral.es\/index.php\/wp-json\/wp\/v2\/tags?post=2122"}],"curies":[{"name":"wp","href":"https:\/\/api.w.org\/{rel}","templated":true}]}}