{"id":2221,"date":"2024-05-10T18:54:03","date_gmt":"2024-05-10T16:54:03","guid":{"rendered":"https:\/\/www.raulmayoral.es\/?p=2221"},"modified":"2024-05-10T18:54:05","modified_gmt":"2024-05-10T16:54:05","slug":"10-de-mayo-san-juan-de-avila","status":"publish","type":"post","link":"https:\/\/www.raulmayoral.es\/index.php\/2024\/05\/10\/10-de-mayo-san-juan-de-avila\/","title":{"rendered":"10 de mayo. San Juan de \u00c1vila"},"content":{"rendered":"\n<p class=\"wp-block-paragraph\">Manchego de Almod\u00f3var del Campo, Ciudad Real, de una familia de cristianos nuevos, <strong>Juan<\/strong> estudi\u00f3 Derecho y Teolog\u00eda en Salamanca y Alcal\u00e1, orden\u00e1ndose sacerdote en 1525. Quiso ir a cristianizar las Indias, pero no fue posible y se qued\u00f3 muy cerca de su tierra natal, en Andaluc\u00eda, predicando en Sevilla, Granada, C\u00f3rdoba, \u00c9cija, Baeza, Montilla&#8230; Es el gran predicador sabio, austero, fogoso, que arrebata con la fuerza de su palabra a las oyentes. <\/p>\n\n\n\n<p class=\"wp-block-paragraph\">El Santo Oficio se alarma ante la vehemencia de su celo y el eco que tienen sus pl\u00e1ticas, consider\u00e1ndose que tal vez perturba el orden social e incurre en alg\u00fan aspecto de la herej\u00eda luterana; es llevado as\u00ed ante el Tribunal de la Inquisici\u00f3n y sufre c\u00e1rcel durante unos meses, hasta que se reconoce su absoluta ortodoxia. <\/p>\n\n\n\n<p class=\"wp-block-paragraph\">Fervoroso y mortificado, m\u00e1s hombre de oraci\u00f3n que de palabra, <strong>San Juan de \u00c1vila <\/strong>sigue su camino encendiendo inquietudes en seglares, cl\u00e9rigos y religiosos; en carmelitas, como <strong>San Juan de la Cruz<\/strong>, en dominicos como <strong>Fray Luis de Granada<\/strong>, que ser\u00e1 su primer bi\u00f3grafo, y en los jesuitas, pues coincide con <strong>San Ignacio<\/strong>, que piensa en ingresar en la Compa\u00f1\u00eda de Jes\u00fas.<\/p>\n\n\n\n<p class=\"wp-block-paragraph\">Fue un hombre aparte, que atrae y asusta, siempre rodeado de entusiasmo y de suspicacias, hasta el punto de que no se le canoniza hasta 1970. Un gran santo sin temor por las aristas de la verdad, hirientes en primer lugar para \u00e9l mismo.<\/p>\n\n\n\n<p class=\"wp-block-paragraph\"><em>Fuente: La casa de los Santos. Un Santo para cada d\u00eda<\/em>. Carlos Pujol<\/p>\n\n\n\n<p class=\"wp-block-paragraph\"><strong>Libercast<\/strong>: Ven a librar la batalla cultural por el rearme moral y la defensa de la libertad<\/p>\n\n\n\n<figure class=\"wp-block-image size-large\"><img data-recalc-dims=\"1\" loading=\"lazy\" decoding=\"async\" width=\"625\" height=\"176\" src=\"https:\/\/i0.wp.com\/www.raulmayoral.es\/wp-content\/uploads\/2024\/05\/cabecera-Libercast.jpg?resize=625%2C176&#038;ssl=1\" alt=\"\" class=\"wp-image-2223\" srcset=\"https:\/\/i0.wp.com\/www.raulmayoral.es\/wp-content\/uploads\/2024\/05\/cabecera-Libercast.jpg?resize=1024%2C288&amp;ssl=1 1024w, https:\/\/i0.wp.com\/www.raulmayoral.es\/wp-content\/uploads\/2024\/05\/cabecera-Libercast.jpg?resize=300%2C84&amp;ssl=1 300w, https:\/\/i0.wp.com\/www.raulmayoral.es\/wp-content\/uploads\/2024\/05\/cabecera-Libercast.jpg?resize=768%2C216&amp;ssl=1 768w, https:\/\/i0.wp.com\/www.raulmayoral.es\/wp-content\/uploads\/2024\/05\/cabecera-Libercast.jpg?resize=624%2C175&amp;ssl=1 624w, https:\/\/i0.wp.com\/www.raulmayoral.es\/wp-content\/uploads\/2024\/05\/cabecera-Libercast.jpg?w=1252&amp;ssl=1 1252w\" sizes=\"auto, (max-width: 625px) 100vw, 625px\" \/><\/figure>\n","protected":false},"excerpt":{"rendered":"<p>Manchego de Almod\u00f3var del Campo, Ciudad Real, de una familia de cristianos nuevos, Juan estudi\u00f3 Derecho y Teolog\u00eda en Salamanca y Alcal\u00e1, orden\u00e1ndose sacerdote en 1525. Quiso ir a cristianizar las Indias, pero no fue posible y se qued\u00f3 muy cerca de su tierra natal, en Andaluc\u00eda, predicando en Sevilla, Granada, C\u00f3rdoba, \u00c9cija, Baeza, Montilla&#8230; [&hellip;]<\/p>\n","protected":false},"author":1,"featured_media":2222,"comment_status":"open","ping_status":"open","sticky":false,"template":"","format":"standard","meta":{"_crdt_document":"","om_disable_all_campaigns":false,"_monsterinsights_skip_tracking":false,"_monsterinsights_sitenote_active":false,"_monsterinsights_sitenote_note":"","_monsterinsights_sitenote_category":0,"_uf_show_specific_survey":0,"_uf_disable_surveys":false,"jetpack_post_was_ever_published":false,"_jetpack_newsletter_access":"","_jetpack_dont_email_post_to_subs":false,"_jetpack_newsletter_tier_id":0,"_jetpack_memberships_contains_paywalled_content":false,"_jetpack_memberships_contains_paid_content":false,"footnotes":"","jetpack_publicize_message":"","jetpack_publicize_feature_enabled":true,"jetpack_social_post_already_shared":false,"jetpack_social_options":{"image_generator_settings":{"template":"highway","default_image_id":0,"font":"","enabled":false},"version":2}},"categories":[32],"tags":[],"class_list":["post-2221","post","type-post","status-publish","format-standard","has-post-thumbnail","hentry","category-santoral"],"aioseo_notices":[],"jetpack_publicize_connections":[],"jetpack_featured_media_url":"https:\/\/i0.wp.com\/www.raulmayoral.es\/wp-content\/uploads\/2024\/05\/10-de-mayo.png?fit=220%2C306&ssl=1","jetpack-related-posts":[],"jetpack_sharing_enabled":true,"_links":{"self":[{"href":"https:\/\/www.raulmayoral.es\/index.php\/wp-json\/wp\/v2\/posts\/2221","targetHints":{"allow":["GET"]}}],"collection":[{"href":"https:\/\/www.raulmayoral.es\/index.php\/wp-json\/wp\/v2\/posts"}],"about":[{"href":"https:\/\/www.raulmayoral.es\/index.php\/wp-json\/wp\/v2\/types\/post"}],"author":[{"embeddable":true,"href":"https:\/\/www.raulmayoral.es\/index.php\/wp-json\/wp\/v2\/users\/1"}],"replies":[{"embeddable":true,"href":"https:\/\/www.raulmayoral.es\/index.php\/wp-json\/wp\/v2\/comments?post=2221"}],"version-history":[{"count":1,"href":"https:\/\/www.raulmayoral.es\/index.php\/wp-json\/wp\/v2\/posts\/2221\/revisions"}],"predecessor-version":[{"id":2224,"href":"https:\/\/www.raulmayoral.es\/index.php\/wp-json\/wp\/v2\/posts\/2221\/revisions\/2224"}],"wp:featuredmedia":[{"embeddable":true,"href":"https:\/\/www.raulmayoral.es\/index.php\/wp-json\/wp\/v2\/media\/2222"}],"wp:attachment":[{"href":"https:\/\/www.raulmayoral.es\/index.php\/wp-json\/wp\/v2\/media?parent=2221"}],"wp:term":[{"taxonomy":"category","embeddable":true,"href":"https:\/\/www.raulmayoral.es\/index.php\/wp-json\/wp\/v2\/categories?post=2221"},{"taxonomy":"post_tag","embeddable":true,"href":"https:\/\/www.raulmayoral.es\/index.php\/wp-json\/wp\/v2\/tags?post=2221"}],"curies":[{"name":"wp","href":"https:\/\/api.w.org\/{rel}","templated":true}]}}