{"id":2231,"date":"2024-05-12T08:17:32","date_gmt":"2024-05-12T06:17:32","guid":{"rendered":"https:\/\/www.raulmayoral.es\/?p=2231"},"modified":"2025-05-12T10:40:03","modified_gmt":"2025-05-12T08:40:03","slug":"12-de-mayo-santo-domingo-de-la-calzada-1109","status":"publish","type":"post","link":"https:\/\/www.raulmayoral.es\/index.php\/2024\/05\/12\/12-de-mayo-santo-domingo-de-la-calzada-1109\/","title":{"rendered":"12 de mayo. Santo Domingo de la Calzada (&#8230; &#8211; 1109)"},"content":{"rendered":"\n<p class=\"wp-block-paragraph\">Santo que por caridad se hizo pe\u00f3n e ingeniero, a\u00f1adi\u00e9ndose a su nombre en el recuerdo de las gentes la menci\u00f3n de un camino que no es otro que el de <strong>Santiago<\/strong>. De <strong>Domingo<\/strong>, sabemos que fue pastor por las m\u00e1rgenes del Ebro en la Rioja. Hacia el a\u00f1o 1050 quiso ser monje benedictino siendo rechazado en los monasterios de Santa Mar\u00eda de Valvanera y de San Mill\u00e1n, al tomarle por vagabundo o fugitivo de las tareas del campo.<\/p>\n\n\n\n<p class=\"wp-block-paragraph\">Se retir\u00f3 entonces a las soledades de la agreste Bureba para hacer vida erem\u00edtica, hasta que conoci\u00f3 al obispo <strong>San Gregorio ostiense<\/strong>, del que fue disc\u00edpulo y paje, aprendiendo mucho de su ejemplo y de sus palabras que le confirmaron en su vocaci\u00f3n. A la muerte del obispo volvi\u00f3 a la Bureba y consagr\u00f3 su vida al servicio de los peregrinos de la ruta de Santiago, construyendo, despu\u00e9s de una iglesia en honor de la Virgen, un hospital y un albergue, acompa\u00f1ando y guiando a los viajeros, ayud\u00e1ndoles a cruzar los vados y cuidando a los peregrinos enfermos con ejemplar solicitud.<\/p>\n\n\n\n<p class=\"wp-block-paragraph\">Viendo que la antigua calzada se encontraba en muy mal estado, decidi\u00f3 repararla, reuniendo a una multitud de voluntarios para que colaborasen con \u00e9l, y por fin lleg\u00f3 a construir un puente sobre el Oja, improvisando conocimientos que parec\u00edan muy por encima de su capacidad. En torno a su sepulcro creci\u00f3 la logro\u00f1esa villa que hoy se llama Santo Domingo de la Calzada.<\/p>\n\n\n\n<p class=\"wp-block-paragraph\">Fuente: <em>La casa de los Santos. Un Santo para cada d\u00eda<\/em>. Carlos Pujol<\/p>\n\n\n\n<p class=\"wp-block-paragraph\">Libercast. <a href=\"https:\/\/www.youtube.com\/@libercast.oficial\" title=\"\">https:\/\/www.youtube.com\/@libercast.oficial<\/a><\/p>\n","protected":false},"excerpt":{"rendered":"<p>Santo que por caridad se hizo pe\u00f3n e ingeniero, a\u00f1adi\u00e9ndose a su nombre en el recuerdo de las gentes la menci\u00f3n de un camino que no es otro que el de Santiago. De Domingo, sabemos que fue pastor por las m\u00e1rgenes del Ebro en la Rioja. Hacia el a\u00f1o 1050 quiso ser monje benedictino siendo [&hellip;]<\/p>\n","protected":false},"author":1,"featured_media":2232,"comment_status":"open","ping_status":"open","sticky":false,"template":"","format":"standard","meta":{"_crdt_document":"","om_disable_all_campaigns":false,"_monsterinsights_skip_tracking":false,"_monsterinsights_sitenote_active":false,"_monsterinsights_sitenote_note":"","_monsterinsights_sitenote_category":0,"_uf_show_specific_survey":0,"_uf_disable_surveys":false,"jetpack_post_was_ever_published":false,"_jetpack_newsletter_access":"","_jetpack_dont_email_post_to_subs":false,"_jetpack_newsletter_tier_id":0,"_jetpack_memberships_contains_paywalled_content":false,"_jetpack_memberships_contains_paid_content":false,"footnotes":"","jetpack_publicize_message":"","jetpack_publicize_feature_enabled":true,"jetpack_social_post_already_shared":false,"jetpack_social_options":{"image_generator_settings":{"template":"highway","enabled":false}}},"categories":[32],"tags":[],"class_list":["post-2231","post","type-post","status-publish","format-standard","has-post-thumbnail","hentry","category-santoral"],"aioseo_notices":[],"jetpack_publicize_connections":[],"jetpack_featured_media_url":"https:\/\/i0.wp.com\/www.raulmayoral.es\/wp-content\/uploads\/2024\/05\/12-mayo.jpg?fit=770%2C480&ssl=1","jetpack-related-posts":[],"jetpack_sharing_enabled":true,"_links":{"self":[{"href":"https:\/\/www.raulmayoral.es\/index.php\/wp-json\/wp\/v2\/posts\/2231","targetHints":{"allow":["GET"]}}],"collection":[{"href":"https:\/\/www.raulmayoral.es\/index.php\/wp-json\/wp\/v2\/posts"}],"about":[{"href":"https:\/\/www.raulmayoral.es\/index.php\/wp-json\/wp\/v2\/types\/post"}],"author":[{"embeddable":true,"href":"https:\/\/www.raulmayoral.es\/index.php\/wp-json\/wp\/v2\/users\/1"}],"replies":[{"embeddable":true,"href":"https:\/\/www.raulmayoral.es\/index.php\/wp-json\/wp\/v2\/comments?post=2231"}],"version-history":[{"count":2,"href":"https:\/\/www.raulmayoral.es\/index.php\/wp-json\/wp\/v2\/posts\/2231\/revisions"}],"predecessor-version":[{"id":3322,"href":"https:\/\/www.raulmayoral.es\/index.php\/wp-json\/wp\/v2\/posts\/2231\/revisions\/3322"}],"wp:featuredmedia":[{"embeddable":true,"href":"https:\/\/www.raulmayoral.es\/index.php\/wp-json\/wp\/v2\/media\/2232"}],"wp:attachment":[{"href":"https:\/\/www.raulmayoral.es\/index.php\/wp-json\/wp\/v2\/media?parent=2231"}],"wp:term":[{"taxonomy":"category","embeddable":true,"href":"https:\/\/www.raulmayoral.es\/index.php\/wp-json\/wp\/v2\/categories?post=2231"},{"taxonomy":"post_tag","embeddable":true,"href":"https:\/\/www.raulmayoral.es\/index.php\/wp-json\/wp\/v2\/tags?post=2231"}],"curies":[{"name":"wp","href":"https:\/\/api.w.org\/{rel}","templated":true}]}}