{"id":2235,"date":"2024-05-13T16:39:17","date_gmt":"2024-05-13T14:39:17","guid":{"rendered":"https:\/\/www.raulmayoral.es\/?p=2235"},"modified":"2024-05-13T16:39:20","modified_gmt":"2024-05-13T14:39:20","slug":"13-de-mayo-san-pedro-regalado-1390-1456","status":"publish","type":"post","link":"https:\/\/www.raulmayoral.es\/index.php\/2024\/05\/13\/13-de-mayo-san-pedro-regalado-1390-1456\/","title":{"rendered":"13 de mayo. San Pedro Regalado (1390-1456)"},"content":{"rendered":"\n<p class=\"wp-block-paragraph\">Conocido como el <strong>San Francisco de As\u00eds<\/strong> de Castilla, <strong>Pedro <\/strong>era de Valladolid y a los trece a\u00f1os ingres\u00f3 en un convento franciscano de la ciudad, que como muchos otros de la \u00e9poca, se caracterizaban por una vida poco austera y una disciplina muy relajada. Si bien, pronto otro Pedro, y tambi\u00e9n vallisoletano, iba a poner orden en esta situaci\u00f3n: <strong>Fray Pedro de Villacreces<\/strong>, antiguo profesor en la Universidad de Salamanca y convertido en ermita\u00f1o, que con m\u00e1s de sesenta a\u00f1os, inicia la reforma de la orden franciscana para sujetarla a la estricta observancia. Su disc\u00edpulo ser\u00e1 un muchacho de quince a\u00f1os, que le sigue fielmente a todas partes: <strong>Pedro Regalado<\/strong>.<\/p>\n\n\n\n<p class=\"wp-block-paragraph\">Ambos fundan el convento de La Aguilera, en Burgos, y all\u00ed el joven Pedro es limosnero, sacrist\u00e1n, pinche de cocina, encargado de atender a los pobres, y cuando en 1415 se trasladan a la nueva fundaci\u00f3n de El Abrojo, cerca de Valladolid, se le nombra maestro de novicios. Al morir el reformador, el disc\u00edpulo ser\u00e1 vicario de todos los novicios existentes en las tierras castellanas.<\/p>\n\n\n\n<p class=\"wp-block-paragraph\"><strong>San Pedro Regalado<\/strong>, patrono de Valladolid, humilde y espiritual como el <em>Poverello<\/em> de As\u00eds, fue tambi\u00e9n un admirable taumaturgo del que cuentan muchos prodigios, entre los m\u00e1s populares el de apaciguar con su bendici\u00f3n a un toro desmandado en una plaza p\u00fablica, raz\u00f3n por la cual se le considera el abogado de los toreros. En La Aguilera descansan sus restos mortales en un sepulcro de alabastro que le hizo construir la reina<strong> Isabel la Cat\u00f3lica<\/strong>.   <\/p>\n\n\n\n<p class=\"wp-block-paragraph\">Fuente: <em>La casa de los Santos. Un Santo para cada d\u00eda<\/em>. Carlos Pujol<\/p>\n","protected":false},"excerpt":{"rendered":"<p>Conocido como el San Francisco de As\u00eds de Castilla, Pedro era de Valladolid y a los trece a\u00f1os ingres\u00f3 en un convento franciscano de la ciudad, que como muchos otros de la \u00e9poca, se caracterizaban por una vida poco austera y una disciplina muy relajada. Si bien, pronto otro Pedro, y tambi\u00e9n vallisoletano, iba a [&hellip;]<\/p>\n","protected":false},"author":1,"featured_media":2236,"comment_status":"open","ping_status":"open","sticky":false,"template":"","format":"standard","meta":{"_crdt_document":"","om_disable_all_campaigns":false,"_monsterinsights_skip_tracking":false,"_monsterinsights_sitenote_active":false,"_monsterinsights_sitenote_note":"","_monsterinsights_sitenote_category":0,"_uf_show_specific_survey":0,"_uf_disable_surveys":false,"jetpack_post_was_ever_published":false,"_jetpack_newsletter_access":"","_jetpack_dont_email_post_to_subs":false,"_jetpack_newsletter_tier_id":0,"_jetpack_memberships_contains_paywalled_content":false,"_jetpack_memberships_contains_paid_content":false,"footnotes":"","jetpack_publicize_message":"","jetpack_publicize_feature_enabled":true,"jetpack_social_post_already_shared":false,"jetpack_social_options":{"image_generator_settings":{"template":"highway","default_image_id":0,"font":"","enabled":false},"version":2}},"categories":[32],"tags":[],"class_list":["post-2235","post","type-post","status-publish","format-standard","has-post-thumbnail","hentry","category-santoral"],"aioseo_notices":[],"jetpack_publicize_connections":[],"jetpack_featured_media_url":"https:\/\/i0.wp.com\/www.raulmayoral.es\/wp-content\/uploads\/2024\/05\/13-mayo.jpg?fit=669%2C496&ssl=1","jetpack-related-posts":[],"jetpack_sharing_enabled":true,"_links":{"self":[{"href":"https:\/\/www.raulmayoral.es\/index.php\/wp-json\/wp\/v2\/posts\/2235","targetHints":{"allow":["GET"]}}],"collection":[{"href":"https:\/\/www.raulmayoral.es\/index.php\/wp-json\/wp\/v2\/posts"}],"about":[{"href":"https:\/\/www.raulmayoral.es\/index.php\/wp-json\/wp\/v2\/types\/post"}],"author":[{"embeddable":true,"href":"https:\/\/www.raulmayoral.es\/index.php\/wp-json\/wp\/v2\/users\/1"}],"replies":[{"embeddable":true,"href":"https:\/\/www.raulmayoral.es\/index.php\/wp-json\/wp\/v2\/comments?post=2235"}],"version-history":[{"count":1,"href":"https:\/\/www.raulmayoral.es\/index.php\/wp-json\/wp\/v2\/posts\/2235\/revisions"}],"predecessor-version":[{"id":2237,"href":"https:\/\/www.raulmayoral.es\/index.php\/wp-json\/wp\/v2\/posts\/2235\/revisions\/2237"}],"wp:featuredmedia":[{"embeddable":true,"href":"https:\/\/www.raulmayoral.es\/index.php\/wp-json\/wp\/v2\/media\/2236"}],"wp:attachment":[{"href":"https:\/\/www.raulmayoral.es\/index.php\/wp-json\/wp\/v2\/media?parent=2235"}],"wp:term":[{"taxonomy":"category","embeddable":true,"href":"https:\/\/www.raulmayoral.es\/index.php\/wp-json\/wp\/v2\/categories?post=2235"},{"taxonomy":"post_tag","embeddable":true,"href":"https:\/\/www.raulmayoral.es\/index.php\/wp-json\/wp\/v2\/tags?post=2235"}],"curies":[{"name":"wp","href":"https:\/\/api.w.org\/{rel}","templated":true}]}}