{"id":2352,"date":"2024-06-07T19:38:32","date_gmt":"2024-06-07T17:38:32","guid":{"rendered":"https:\/\/www.raulmayoral.es\/?p=2352"},"modified":"2024-07-06T16:46:36","modified_gmt":"2024-07-06T14:46:36","slug":"7-de-junio-san-pedro-de-cordoba-y-companeros-851","status":"publish","type":"post","link":"https:\/\/www.raulmayoral.es\/index.php\/2024\/06\/07\/7-de-junio-san-pedro-de-cordoba-y-companeros-851\/","title":{"rendered":"7 de junio. San Pedro de C\u00f3rdoba y compa\u00f1eros (851)"},"content":{"rendered":"\n<p class=\"wp-block-paragraph\">Tras el martirio de<strong> San Perfecto<\/strong>, los cristianos cordobeses, que sol\u00edan vivir en los monasterios de los alrededores de la ciudad, acuden a C\u00f3rdoba como ansiosos para provocar a las autoridades, queriendo ser m\u00e1rtires, hasta el punto de que <strong>San Eulogio<\/strong>, alarmado, trata de moderar sus \u00edmpetus. La declaraci\u00f3n p\u00fablica de su fe basta para ser condenados a muerte en la capital de <strong>Abderram\u00e1n II<\/strong>, y as\u00ed son degollados, ahorcados o empalados, y sus cad\u00e1veres de queman para dispersar las cenizas al viento<\/p>\n\n\n\n<p class=\"wp-block-paragraph\">Es el caso de<strong> Isaac<\/strong>, del cenobio de T\u00e1banos, que hab\u00eda sido notario y conoc\u00eda muy bien la lengua \u00e1rabe, y de su t\u00edo paterno<strong> Jerem\u00edas<\/strong>, santo anciano, que ya en la vejez renunci\u00f3 a sus riquezas para edificar aquel monasterio y vivir all\u00ed entregado a la contemplaci\u00f3n y al estudio. Y tambi\u00e9n del joven <strong>Sancho<\/strong>, que proced\u00eda de la ciudad de Albi, antiguo prisionero liberto y alistado en el ej\u00e9rcito del emir, y comensal en el palacio de \u00e9ste; del sacerdote <strong>Pedro<\/strong>, natural de Ecija, que viv\u00eda en el monasterio de Cuteclara, del di\u00e1cono <strong>Walabonso<\/strong>, que era de Pe\u00f1aflor, del monje<strong> Sabiniano<\/strong>, del noble ciudadano <strong>Habencio<\/strong>.<\/p>\n\n\n\n<p class=\"wp-block-paragraph\">San Eulogio nos da escueta noticia de todos ellos para que sus nombres no se pierdan, y hoy, m\u00e1s de un mileno despu\u00e9s, podamos recordar su pasi\u00f3n terrible y afirmativa, de quienes llaman a las puertas de la muerte gritando la verdad que los har\u00e1 inmortales. <\/p>\n\n\n\n<p class=\"wp-block-paragraph\">Fuente: <em>La casa de los Santos. Un Santo para cada d\u00eda. <\/em>Carlos Pujol<\/p>\n","protected":false},"excerpt":{"rendered":"<p>Tras el martirio de San Perfecto, los cristianos cordobeses, que sol\u00edan vivir en los monasterios de los alrededores de la ciudad, acuden a C\u00f3rdoba como ansiosos para provocar a las autoridades, queriendo ser m\u00e1rtires, hasta el punto de que San Eulogio, alarmado, trata de moderar sus \u00edmpetus. La declaraci\u00f3n p\u00fablica de su fe basta para [&hellip;]<\/p>\n","protected":false},"author":1,"featured_media":2355,"comment_status":"open","ping_status":"open","sticky":false,"template":"","format":"standard","meta":{"_crdt_document":"","om_disable_all_campaigns":false,"_monsterinsights_skip_tracking":false,"_monsterinsights_sitenote_active":false,"_monsterinsights_sitenote_note":"","_monsterinsights_sitenote_category":0,"_uf_show_specific_survey":0,"_uf_disable_surveys":false,"jetpack_post_was_ever_published":false,"_jetpack_newsletter_access":"","_jetpack_dont_email_post_to_subs":false,"_jetpack_newsletter_tier_id":0,"_jetpack_memberships_contains_paywalled_content":false,"_jetpack_memberships_contains_paid_content":false,"footnotes":"","jetpack_publicize_message":"","jetpack_publicize_feature_enabled":true,"jetpack_social_post_already_shared":false,"jetpack_social_options":{"image_generator_settings":{"template":"highway","default_image_id":0,"font":"","enabled":false},"version":2}},"categories":[32],"tags":[],"class_list":["post-2352","post","type-post","status-publish","format-standard","has-post-thumbnail","hentry","category-santoral"],"aioseo_notices":[],"jetpack_publicize_connections":[],"jetpack_featured_media_url":"https:\/\/i0.wp.com\/www.raulmayoral.es\/wp-content\/uploads\/2024\/06\/7-junio.jpg?fit=1277%2C1009&ssl=1","jetpack-related-posts":[],"jetpack_sharing_enabled":true,"_links":{"self":[{"href":"https:\/\/www.raulmayoral.es\/index.php\/wp-json\/wp\/v2\/posts\/2352","targetHints":{"allow":["GET"]}}],"collection":[{"href":"https:\/\/www.raulmayoral.es\/index.php\/wp-json\/wp\/v2\/posts"}],"about":[{"href":"https:\/\/www.raulmayoral.es\/index.php\/wp-json\/wp\/v2\/types\/post"}],"author":[{"embeddable":true,"href":"https:\/\/www.raulmayoral.es\/index.php\/wp-json\/wp\/v2\/users\/1"}],"replies":[{"embeddable":true,"href":"https:\/\/www.raulmayoral.es\/index.php\/wp-json\/wp\/v2\/comments?post=2352"}],"version-history":[{"count":3,"href":"https:\/\/www.raulmayoral.es\/index.php\/wp-json\/wp\/v2\/posts\/2352\/revisions"}],"predecessor-version":[{"id":2358,"href":"https:\/\/www.raulmayoral.es\/index.php\/wp-json\/wp\/v2\/posts\/2352\/revisions\/2358"}],"wp:featuredmedia":[{"embeddable":true,"href":"https:\/\/www.raulmayoral.es\/index.php\/wp-json\/wp\/v2\/media\/2355"}],"wp:attachment":[{"href":"https:\/\/www.raulmayoral.es\/index.php\/wp-json\/wp\/v2\/media?parent=2352"}],"wp:term":[{"taxonomy":"category","embeddable":true,"href":"https:\/\/www.raulmayoral.es\/index.php\/wp-json\/wp\/v2\/categories?post=2352"},{"taxonomy":"post_tag","embeddable":true,"href":"https:\/\/www.raulmayoral.es\/index.php\/wp-json\/wp\/v2\/tags?post=2352"}],"curies":[{"name":"wp","href":"https:\/\/api.w.org\/{rel}","templated":true}]}}