{"id":2366,"date":"2024-06-09T10:14:00","date_gmt":"2024-06-09T08:14:00","guid":{"rendered":"https:\/\/www.raulmayoral.es\/?p=2366"},"modified":"2024-06-11T12:15:56","modified_gmt":"2024-06-11T10:15:56","slug":"san-efren-306-373","status":"publish","type":"post","link":"https:\/\/www.raulmayoral.es\/index.php\/2024\/06\/09\/san-efren-306-373\/","title":{"rendered":"9 de junio. San Efr\u00e9n (306-373)"},"content":{"rendered":"\n<p class=\"wp-block-paragraph\">Santo de la antigua Mesopotamia cristiana, nacido en Nisibe, hoy Turqu\u00eda, muy cerca de la frontera siria. <strong>Efr\u00e9n<\/strong> asisti\u00f3 como secretario de su obispo al Concilio de Nicea (325) y ense\u00f1\u00f3 primero en la escuela episcopal de su ciudad y luego cuando lo persas la conquistaron, en Edesa, hoy Urfa. <\/p>\n\n\n\n<p class=\"wp-block-paragraph\">Fue ejemplo de austeridad, unida al estudio y a la caridad para con pobres y enfermos. Pero ha pasado a la historia con el nombre de \u00abC\u00edtara del Esp\u00edritu Santo\u00bb por sus homil\u00edas, himnos y comentarios a la Escritura, de una elocuencia en la que el lenguaje, arrebatado y florido, se encrespa armoniosamente y reluce seduciendo con su persuasi\u00f3n. <\/p>\n\n\n\n<p class=\"wp-block-paragraph\">Probablemente, <strong>San Efr\u00e9n<\/strong> no pas\u00f3 nunca de di\u00e1cono, pero se le atribuyen reacciones ins\u00f3litas, llegando a fingirse loco para evitar que le nombraran obispo. En 1920 se le reconoci\u00f3 como doctor de la Iglesia por su combate contra las herej\u00edas y su inspirada exaltaci\u00f3n de las verdades de la fe, sobre todo de la Presencia real de <strong>Cristo<\/strong> en la Eucarist\u00eda y de la pureza de la Virgen (tambi\u00e9n es conocido como el \u00abcantor de la Inmaculada\u00bb).<\/p>\n\n\n\n<p class=\"wp-block-paragraph\">Fuente: <em>La casa de los Santos. Un Santo para cada d\u00eda.<\/em> Carlos Pujol.<\/p>\n","protected":false},"excerpt":{"rendered":"<p>Santo de la antigua Mesopotamia cristiana, nacido en Nisibe, hoy Turqu\u00eda, muy cerca de la frontera siria. Efr\u00e9n asisti\u00f3 como secretario de su obispo al Concilio de Nicea (325) y ense\u00f1\u00f3 primero en la escuela episcopal de su ciudad y luego cuando lo persas la conquistaron, en Edesa, hoy Urfa. Fue ejemplo de austeridad, unida [&hellip;]<\/p>\n","protected":false},"author":1,"featured_media":2371,"comment_status":"open","ping_status":"open","sticky":false,"template":"","format":"standard","meta":{"_crdt_document":"","om_disable_all_campaigns":false,"_monsterinsights_skip_tracking":false,"_monsterinsights_sitenote_active":false,"_monsterinsights_sitenote_note":"","_monsterinsights_sitenote_category":0,"_uf_show_specific_survey":0,"_uf_disable_surveys":false,"jetpack_post_was_ever_published":false,"_jetpack_newsletter_access":"","_jetpack_dont_email_post_to_subs":false,"_jetpack_newsletter_tier_id":0,"_jetpack_memberships_contains_paywalled_content":false,"_jetpack_memberships_contains_paid_content":false,"footnotes":"","jetpack_publicize_message":"","jetpack_publicize_feature_enabled":true,"jetpack_social_post_already_shared":false,"jetpack_social_options":{"image_generator_settings":{"template":"highway","default_image_id":0,"font":"","enabled":false},"version":2}},"categories":[32],"tags":[],"class_list":["post-2366","post","type-post","status-publish","format-standard","has-post-thumbnail","hentry","category-santoral"],"aioseo_notices":[],"jetpack_publicize_connections":[],"jetpack_featured_media_url":"https:\/\/i0.wp.com\/www.raulmayoral.es\/wp-content\/uploads\/2024\/06\/9-junio.jpg?fit=477%2C642&ssl=1","jetpack-related-posts":[],"jetpack_sharing_enabled":true,"_links":{"self":[{"href":"https:\/\/www.raulmayoral.es\/index.php\/wp-json\/wp\/v2\/posts\/2366","targetHints":{"allow":["GET"]}}],"collection":[{"href":"https:\/\/www.raulmayoral.es\/index.php\/wp-json\/wp\/v2\/posts"}],"about":[{"href":"https:\/\/www.raulmayoral.es\/index.php\/wp-json\/wp\/v2\/types\/post"}],"author":[{"embeddable":true,"href":"https:\/\/www.raulmayoral.es\/index.php\/wp-json\/wp\/v2\/users\/1"}],"replies":[{"embeddable":true,"href":"https:\/\/www.raulmayoral.es\/index.php\/wp-json\/wp\/v2\/comments?post=2366"}],"version-history":[{"count":2,"href":"https:\/\/www.raulmayoral.es\/index.php\/wp-json\/wp\/v2\/posts\/2366\/revisions"}],"predecessor-version":[{"id":2378,"href":"https:\/\/www.raulmayoral.es\/index.php\/wp-json\/wp\/v2\/posts\/2366\/revisions\/2378"}],"wp:featuredmedia":[{"embeddable":true,"href":"https:\/\/www.raulmayoral.es\/index.php\/wp-json\/wp\/v2\/media\/2371"}],"wp:attachment":[{"href":"https:\/\/www.raulmayoral.es\/index.php\/wp-json\/wp\/v2\/media?parent=2366"}],"wp:term":[{"taxonomy":"category","embeddable":true,"href":"https:\/\/www.raulmayoral.es\/index.php\/wp-json\/wp\/v2\/categories?post=2366"},{"taxonomy":"post_tag","embeddable":true,"href":"https:\/\/www.raulmayoral.es\/index.php\/wp-json\/wp\/v2\/tags?post=2366"}],"curies":[{"name":"wp","href":"https:\/\/api.w.org\/{rel}","templated":true}]}}