{"id":2381,"date":"2024-06-11T22:54:34","date_gmt":"2024-06-11T20:54:34","guid":{"rendered":"https:\/\/www.raulmayoral.es\/?p=2381"},"modified":"2024-07-06T16:46:17","modified_gmt":"2024-07-06T14:46:17","slug":"11-de-junio-san-bernabe-siglo-i","status":"publish","type":"post","link":"https:\/\/www.raulmayoral.es\/index.php\/2024\/06\/11\/11-de-junio-san-bernabe-siglo-i\/","title":{"rendered":"11 de junio. San Bernab\u00e9 (siglo I)"},"content":{"rendered":"\n<p class=\"wp-block-paragraph\">Era un hombre bueno y lleno de Esp\u00edritu Santo y de fe, seg\u00fan <strong>San Lucas<\/strong>. Disc\u00edpulo de <strong>Jes\u00fas<\/strong> que perteneci\u00f3 al primer n\u00facleo de la comunidad cristiana y cuyo verdadero nombre era<strong> Jos\u00e9 Halev\u00ed<\/strong>, es decir, el levita, aunque los ap\u00f3stoles le apodaron <strong>Bernab\u00e9<\/strong>, hijo de profeta. <\/p>\n\n\n\n<p class=\"wp-block-paragraph\">Era jud\u00edo chipriota y primo de <strong>San Marcos<\/strong>, \u00e9l fue quien present\u00f3 a los ap\u00f3stoles a<strong> San Pablo<\/strong> despu\u00e9s de su conversi\u00f3n en el camino de Damasco y luego colabor\u00f3 en las empresas misioneras de Pablo; en Listra les tomaron por \u00abdioses de forma humana\u00bb y  llamaban a Bernab\u00e9 <strong>Zeus<\/strong> y a Pablo <strong>Hermes<\/strong>, lo cual permite suponer que Bernab\u00e9 era alto y de aire majestuosos, ya que la superstici\u00f3n popular le confundi\u00f3 con el padre de los dioses.<\/p>\n\n\n\n<p class=\"wp-block-paragraph\">Evangeliz\u00f3 su isla natal y tal vez fue lapidado y quemado vivo por los jud\u00edos de Chipre. Precisamente, por su supuesta lapidaci\u00f3n se le invocaba tradicionalmente como protector contra el granizo. Se dice que curaba a los enfermos aplic\u00e1ndoles sobre la cabeza o el pecho el Evangelio de San Marcos, del que nunca se separaba. Se le atribuye la fundaci\u00f3n de la iglesia de Mil\u00e1n y es patr\u00f3n de esta ciudad. <\/p>\n\n\n\n<p class=\"wp-block-paragraph\">Ante las discrepancias que separaron a sus dos compa\u00f1eros, el gran Pablo y su primo Marcos, Bernab\u00e9 parece indeciso entre uno y otro, m\u00e1s tarde har\u00e1 un intento de reconciliaci\u00f3n que Pablo rechaza, y en pocas frases de San Lucas nos asomamos a una human\u00edsima y sin duda enconada discusi\u00f3n entre santos, que tiene un dram\u00e1tico sello de verdad. <\/p>\n\n\n\n<p class=\"wp-block-paragraph\">Fuente: <em>La casa de los Santos. Un Santo para cada d\u00eda<\/em>. Carlos Pujol.<\/p>\n","protected":false},"excerpt":{"rendered":"<p>Era un hombre bueno y lleno de Esp\u00edritu Santo y de fe, seg\u00fan San Lucas. Disc\u00edpulo de Jes\u00fas que perteneci\u00f3 al primer n\u00facleo de la comunidad cristiana y cuyo verdadero nombre era Jos\u00e9 Halev\u00ed, es decir, el levita, aunque los ap\u00f3stoles le apodaron Bernab\u00e9, hijo de profeta. Era jud\u00edo chipriota y primo de San Marcos, [&hellip;]<\/p>\n","protected":false},"author":1,"featured_media":2386,"comment_status":"open","ping_status":"open","sticky":false,"template":"","format":"standard","meta":{"_crdt_document":"","om_disable_all_campaigns":false,"_monsterinsights_skip_tracking":false,"_monsterinsights_sitenote_active":false,"_monsterinsights_sitenote_note":"","_monsterinsights_sitenote_category":0,"_uf_show_specific_survey":0,"_uf_disable_surveys":false,"jetpack_post_was_ever_published":false,"_jetpack_newsletter_access":"","_jetpack_dont_email_post_to_subs":false,"_jetpack_newsletter_tier_id":0,"_jetpack_memberships_contains_paywalled_content":false,"_jetpack_memberships_contains_paid_content":false,"footnotes":"","jetpack_publicize_message":"","jetpack_publicize_feature_enabled":true,"jetpack_social_post_already_shared":true,"jetpack_social_options":{"image_generator_settings":{"template":"highway","default_image_id":0,"font":"","enabled":false},"version":2}},"categories":[32],"tags":[],"class_list":["post-2381","post","type-post","status-publish","format-standard","has-post-thumbnail","hentry","category-santoral"],"aioseo_notices":[],"jetpack_publicize_connections":[],"jetpack_featured_media_url":"https:\/\/i0.wp.com\/www.raulmayoral.es\/wp-content\/uploads\/2024\/06\/11-junio.jpg?fit=900%2C500&ssl=1","jetpack-related-posts":[],"jetpack_sharing_enabled":true,"_links":{"self":[{"href":"https:\/\/www.raulmayoral.es\/index.php\/wp-json\/wp\/v2\/posts\/2381","targetHints":{"allow":["GET"]}}],"collection":[{"href":"https:\/\/www.raulmayoral.es\/index.php\/wp-json\/wp\/v2\/posts"}],"about":[{"href":"https:\/\/www.raulmayoral.es\/index.php\/wp-json\/wp\/v2\/types\/post"}],"author":[{"embeddable":true,"href":"https:\/\/www.raulmayoral.es\/index.php\/wp-json\/wp\/v2\/users\/1"}],"replies":[{"embeddable":true,"href":"https:\/\/www.raulmayoral.es\/index.php\/wp-json\/wp\/v2\/comments?post=2381"}],"version-history":[{"count":2,"href":"https:\/\/www.raulmayoral.es\/index.php\/wp-json\/wp\/v2\/posts\/2381\/revisions"}],"predecessor-version":[{"id":2387,"href":"https:\/\/www.raulmayoral.es\/index.php\/wp-json\/wp\/v2\/posts\/2381\/revisions\/2387"}],"wp:featuredmedia":[{"embeddable":true,"href":"https:\/\/www.raulmayoral.es\/index.php\/wp-json\/wp\/v2\/media\/2386"}],"wp:attachment":[{"href":"https:\/\/www.raulmayoral.es\/index.php\/wp-json\/wp\/v2\/media?parent=2381"}],"wp:term":[{"taxonomy":"category","embeddable":true,"href":"https:\/\/www.raulmayoral.es\/index.php\/wp-json\/wp\/v2\/categories?post=2381"},{"taxonomy":"post_tag","embeddable":true,"href":"https:\/\/www.raulmayoral.es\/index.php\/wp-json\/wp\/v2\/tags?post=2381"}],"curies":[{"name":"wp","href":"https:\/\/api.w.org\/{rel}","templated":true}]}}