{"id":2392,"date":"2024-06-13T17:30:38","date_gmt":"2024-06-13T15:30:38","guid":{"rendered":"https:\/\/www.raulmayoral.es\/?p=2392"},"modified":"2024-06-13T17:30:39","modified_gmt":"2024-06-13T15:30:39","slug":"13-de-junio-san-antonio-de-padua-1195-1231","status":"publish","type":"post","link":"https:\/\/www.raulmayoral.es\/index.php\/2024\/06\/13\/13-de-junio-san-antonio-de-padua-1195-1231\/","title":{"rendered":"13 de junio. San Antonio de Padua (1195-1231)"},"content":{"rendered":"\n<p class=\"wp-block-paragraph\">No se llamaba <strong>Antonio <\/strong>sino <strong>Hernando<\/strong>, y no era de Padua sino de Lisboa. Elige otro nombre y otra vida para convertir fieles en \u00c1frica y morir m\u00e1rtir, pero los caminos de la Providencia le llevan a Italia, y all\u00ed el que hab\u00eda estudiado teolog\u00eda en Coimbra ser\u00e1 humild\u00edsimo franciscano hasta que por obedecer a sus superiores se va a revelar como un predicador portentoso y un sabio de profundos conocimientos. La Iglesia le incluye entre sus doctores. <\/p>\n\n\n\n<p class=\"wp-block-paragraph\">Pero sobre todo destaca como taumaturgo admirable en la escuela franciscana de la sencillez y del amor por las cosas humildes: es el santo que predica a los peces cuando los hombres no quieren escucharle. De \u00e9l se dice que una noche tuvo a al Ni\u00f1o<strong> Jes\u00fas<\/strong> en sus brazos, y as\u00ed se le suele representar en la iconograf\u00eda. La an\u00e9cdota de cierto ladr\u00f3n que le rob\u00f3 un manuscrito y que se sinti\u00f3 irremisiblemente empujado a devolv\u00e9rselo ha hecho que en el culto popular <strong>San Antonio<\/strong> sea el que ayuda a encontrar lo perdido, el que hace recobrar las cosas extraviadas; y nada m\u00e1s extraviado por nuestro descuido que <strong>Dios <\/strong>en nuestras pobres vidas.<\/p>\n\n\n\n<p class=\"wp-block-paragraph\">Se le canoniz\u00f3 antes de cumplir un a\u00f1o de su muerte, cerca de la ciudad de Padua, de la que es el famoso patr\u00f3n celestial, y uno de los santos m\u00e1s simp\u00e1ticos, venerados y dir\u00edase que asequibles de todo el catolicismo, con un plus de piedad que nos conmueve particularmente.<\/p>\n\n\n\n<p class=\"wp-block-paragraph\">Fuente: <em>La casa de los Santos. Un Santo para cada d\u00eda<\/em>. Carlos Pujol.<\/p>\n\n\n\n<figure class=\"wp-block-image size-large\"><img data-recalc-dims=\"1\" loading=\"lazy\" decoding=\"async\" width=\"625\" height=\"625\" src=\"https:\/\/i0.wp.com\/www.raulmayoral.es\/wp-content\/uploads\/2024\/06\/PORTADA-PREGON-DE-COMBATE_3-D.jpg?resize=625%2C625&#038;ssl=1\" alt=\"\" class=\"wp-image-2394\" srcset=\"https:\/\/i0.wp.com\/www.raulmayoral.es\/wp-content\/uploads\/2024\/06\/PORTADA-PREGON-DE-COMBATE_3-D.jpg?resize=1024%2C1024&amp;ssl=1 1024w, https:\/\/i0.wp.com\/www.raulmayoral.es\/wp-content\/uploads\/2024\/06\/PORTADA-PREGON-DE-COMBATE_3-D.jpg?resize=300%2C300&amp;ssl=1 300w, https:\/\/i0.wp.com\/www.raulmayoral.es\/wp-content\/uploads\/2024\/06\/PORTADA-PREGON-DE-COMBATE_3-D.jpg?resize=150%2C150&amp;ssl=1 150w, https:\/\/i0.wp.com\/www.raulmayoral.es\/wp-content\/uploads\/2024\/06\/PORTADA-PREGON-DE-COMBATE_3-D.jpg?resize=768%2C768&amp;ssl=1 768w, https:\/\/i0.wp.com\/www.raulmayoral.es\/wp-content\/uploads\/2024\/06\/PORTADA-PREGON-DE-COMBATE_3-D.jpg?resize=624%2C624&amp;ssl=1 624w, https:\/\/i0.wp.com\/www.raulmayoral.es\/wp-content\/uploads\/2024\/06\/PORTADA-PREGON-DE-COMBATE_3-D.jpg?w=1080&amp;ssl=1 1080w\" sizes=\"auto, (max-width: 625px) 100vw, 625px\" \/><\/figure>\n","protected":false},"excerpt":{"rendered":"<p>No se llamaba Antonio sino Hernando, y no era de Padua sino de Lisboa. Elige otro nombre y otra vida para convertir fieles en \u00c1frica y morir m\u00e1rtir, pero los caminos de la Providencia le llevan a Italia, y all\u00ed el que hab\u00eda estudiado teolog\u00eda en Coimbra ser\u00e1 humild\u00edsimo franciscano hasta que por obedecer a [&hellip;]<\/p>\n","protected":false},"author":1,"featured_media":2393,"comment_status":"open","ping_status":"open","sticky":false,"template":"","format":"standard","meta":{"_crdt_document":"","om_disable_all_campaigns":false,"_monsterinsights_skip_tracking":false,"_monsterinsights_sitenote_active":false,"_monsterinsights_sitenote_note":"","_monsterinsights_sitenote_category":0,"_uf_show_specific_survey":0,"_uf_disable_surveys":false,"jetpack_post_was_ever_published":false,"_jetpack_newsletter_access":"","_jetpack_dont_email_post_to_subs":false,"_jetpack_newsletter_tier_id":0,"_jetpack_memberships_contains_paywalled_content":false,"_jetpack_memberships_contains_paid_content":false,"footnotes":"","jetpack_publicize_message":"","jetpack_publicize_feature_enabled":true,"jetpack_social_post_already_shared":false,"jetpack_social_options":{"image_generator_settings":{"template":"highway","default_image_id":0,"font":"","enabled":false},"version":2}},"categories":[32],"tags":[],"class_list":["post-2392","post","type-post","status-publish","format-standard","has-post-thumbnail","hentry","category-santoral"],"aioseo_notices":[],"jetpack_publicize_connections":[],"jetpack_featured_media_url":"https:\/\/i0.wp.com\/www.raulmayoral.es\/wp-content\/uploads\/2024\/06\/13-junio.jpg?fit=225%2C225&ssl=1","jetpack-related-posts":[],"jetpack_sharing_enabled":true,"_links":{"self":[{"href":"https:\/\/www.raulmayoral.es\/index.php\/wp-json\/wp\/v2\/posts\/2392","targetHints":{"allow":["GET"]}}],"collection":[{"href":"https:\/\/www.raulmayoral.es\/index.php\/wp-json\/wp\/v2\/posts"}],"about":[{"href":"https:\/\/www.raulmayoral.es\/index.php\/wp-json\/wp\/v2\/types\/post"}],"author":[{"embeddable":true,"href":"https:\/\/www.raulmayoral.es\/index.php\/wp-json\/wp\/v2\/users\/1"}],"replies":[{"embeddable":true,"href":"https:\/\/www.raulmayoral.es\/index.php\/wp-json\/wp\/v2\/comments?post=2392"}],"version-history":[{"count":1,"href":"https:\/\/www.raulmayoral.es\/index.php\/wp-json\/wp\/v2\/posts\/2392\/revisions"}],"predecessor-version":[{"id":2395,"href":"https:\/\/www.raulmayoral.es\/index.php\/wp-json\/wp\/v2\/posts\/2392\/revisions\/2395"}],"wp:featuredmedia":[{"embeddable":true,"href":"https:\/\/www.raulmayoral.es\/index.php\/wp-json\/wp\/v2\/media\/2393"}],"wp:attachment":[{"href":"https:\/\/www.raulmayoral.es\/index.php\/wp-json\/wp\/v2\/media?parent=2392"}],"wp:term":[{"taxonomy":"category","embeddable":true,"href":"https:\/\/www.raulmayoral.es\/index.php\/wp-json\/wp\/v2\/categories?post=2392"},{"taxonomy":"post_tag","embeddable":true,"href":"https:\/\/www.raulmayoral.es\/index.php\/wp-json\/wp\/v2\/tags?post=2392"}],"curies":[{"name":"wp","href":"https:\/\/api.w.org\/{rel}","templated":true}]}}