{"id":2396,"date":"2024-06-14T13:07:15","date_gmt":"2024-06-14T11:07:15","guid":{"rendered":"https:\/\/www.raulmayoral.es\/?p=2396"},"modified":"2024-06-14T13:07:39","modified_gmt":"2024-06-14T11:07:39","slug":"14-de-junio-san-eliseo-siglo-ix-a-de-c","status":"publish","type":"post","link":"https:\/\/www.raulmayoral.es\/index.php\/2024\/06\/14\/14-de-junio-san-eliseo-siglo-ix-a-de-c\/","title":{"rendered":"14 de junio (San Eliseo (siglo IX a. de C.)"},"content":{"rendered":"\n<p class=\"wp-block-paragraph\">Tremenda figura del Antiguo Testamento, un labrador del que se nos dice que era hijo de un tal <strong>Safat<\/strong> y que estaba arando con doce yuntas cuando pas\u00f3 junto a \u00e9l el profeta <strong>El\u00edas<\/strong> y le ech\u00f3 su manto por encima, transmiti\u00e9ndole as\u00ed sus poderes sobrenaturales. Tras despedirse de los suyos, <strong>Eliseo<\/strong> ofrece un par de bueyes en sacrificio y sigue al maestro, a quien, antes de ver c\u00f3mo era arrebatado al cielo en un carro de fuego, pide la confirmaci\u00f3n de su esp\u00edritu de profec\u00eda.<\/p>\n\n\n\n<p class=\"wp-block-paragraph\">El segundo libro de los Reyes dedica diversos cap\u00edtulos a este hombre fuerte y singular que lucha en\u00e9rgicamente contra la idolatr\u00eda y va sembrando su camino de portentosos signos del poder de <strong>Dios<\/strong>; multiplica panes y tambi\u00e9n el aceite de unas tinajas, sana a un monarca leproso, incluso resucita a un ni\u00f1o. Eliseo es como una vaga prehistoria anunciadora de <strong>Cristo<\/strong>, anuncia lo sublime desde un mundo todav\u00eda lleno de hosquedad e imperfecci\u00f3n. De hecho, sus milagros, impresionantes y con el sello de la intervenci\u00f3n divina, no tienen a\u00fan el toque inconfundible de delicada humanidad, de Dios hecho carne y sentimiento, que tienen los milagros de <strong>Jes\u00fas<\/strong>.<\/p>\n\n\n\n<p class=\"wp-block-paragraph\">El gesto de El\u00edas recubriendo a <strong>San Eliseo <\/strong>con su manto significa que lo oculta a los hombres para meterle en un \u00e1mbito sobrenatural que el labrador acepta d\u00f3cilmente, atendiendo la llamada brusca y definitiva de Dios por la que lo deja todo. <\/p>\n\n\n\n<p class=\"wp-block-paragraph\">Fuente: <em>La casa de los Santos. Un Santo para cada d\u00eda.<\/em> Carlos Pujol. <\/p>\n\n\n\n<p class=\"wp-block-paragraph\"><\/p>\n","protected":false},"excerpt":{"rendered":"<p>Tremenda figura del Antiguo Testamento, un labrador del que se nos dice que era hijo de un tal Safat y que estaba arando con doce yuntas cuando pas\u00f3 junto a \u00e9l el profeta El\u00edas y le ech\u00f3 su manto por encima, transmiti\u00e9ndole as\u00ed sus poderes sobrenaturales. Tras despedirse de los suyos, Eliseo ofrece un par [&hellip;]<\/p>\n","protected":false},"author":1,"featured_media":2397,"comment_status":"open","ping_status":"open","sticky":false,"template":"","format":"standard","meta":{"_crdt_document":"","om_disable_all_campaigns":false,"_monsterinsights_skip_tracking":false,"_monsterinsights_sitenote_active":false,"_monsterinsights_sitenote_note":"","_monsterinsights_sitenote_category":0,"_uf_show_specific_survey":0,"_uf_disable_surveys":false,"jetpack_post_was_ever_published":false,"_jetpack_newsletter_access":"","_jetpack_dont_email_post_to_subs":false,"_jetpack_newsletter_tier_id":0,"_jetpack_memberships_contains_paywalled_content":false,"_jetpack_memberships_contains_paid_content":false,"footnotes":"","jetpack_publicize_message":"","jetpack_publicize_feature_enabled":true,"jetpack_social_post_already_shared":false,"jetpack_social_options":{"image_generator_settings":{"template":"highway","default_image_id":0,"font":"","enabled":false},"version":2}},"categories":[32],"tags":[],"class_list":["post-2396","post","type-post","status-publish","format-standard","has-post-thumbnail","hentry","category-santoral"],"aioseo_notices":[],"jetpack_publicize_connections":[],"jetpack_featured_media_url":"https:\/\/i0.wp.com\/www.raulmayoral.es\/wp-content\/uploads\/2024\/06\/14-junio.jpg?fit=174%2C208&ssl=1","jetpack-related-posts":[],"jetpack_sharing_enabled":true,"_links":{"self":[{"href":"https:\/\/www.raulmayoral.es\/index.php\/wp-json\/wp\/v2\/posts\/2396","targetHints":{"allow":["GET"]}}],"collection":[{"href":"https:\/\/www.raulmayoral.es\/index.php\/wp-json\/wp\/v2\/posts"}],"about":[{"href":"https:\/\/www.raulmayoral.es\/index.php\/wp-json\/wp\/v2\/types\/post"}],"author":[{"embeddable":true,"href":"https:\/\/www.raulmayoral.es\/index.php\/wp-json\/wp\/v2\/users\/1"}],"replies":[{"embeddable":true,"href":"https:\/\/www.raulmayoral.es\/index.php\/wp-json\/wp\/v2\/comments?post=2396"}],"version-history":[{"count":1,"href":"https:\/\/www.raulmayoral.es\/index.php\/wp-json\/wp\/v2\/posts\/2396\/revisions"}],"predecessor-version":[{"id":2398,"href":"https:\/\/www.raulmayoral.es\/index.php\/wp-json\/wp\/v2\/posts\/2396\/revisions\/2398"}],"wp:featuredmedia":[{"embeddable":true,"href":"https:\/\/www.raulmayoral.es\/index.php\/wp-json\/wp\/v2\/media\/2397"}],"wp:attachment":[{"href":"https:\/\/www.raulmayoral.es\/index.php\/wp-json\/wp\/v2\/media?parent=2396"}],"wp:term":[{"taxonomy":"category","embeddable":true,"href":"https:\/\/www.raulmayoral.es\/index.php\/wp-json\/wp\/v2\/categories?post=2396"},{"taxonomy":"post_tag","embeddable":true,"href":"https:\/\/www.raulmayoral.es\/index.php\/wp-json\/wp\/v2\/tags?post=2396"}],"curies":[{"name":"wp","href":"https:\/\/api.w.org\/{rel}","templated":true}]}}