{"id":2404,"date":"2024-06-16T14:12:35","date_gmt":"2024-06-16T12:12:35","guid":{"rendered":"https:\/\/www.raulmayoral.es\/?p=2404"},"modified":"2024-06-16T14:12:37","modified_gmt":"2024-06-16T12:12:37","slug":"16-de-junio-san-juan-francisco-regis-1597-1640","status":"publish","type":"post","link":"https:\/\/www.raulmayoral.es\/index.php\/2024\/06\/16\/16-de-junio-san-juan-francisco-regis-1597-1640\/","title":{"rendered":"16 de junio. San Juan Francisco Regis (1597-1640)"},"content":{"rendered":"\n<p class=\"wp-block-paragraph\">Nacido en un pueblo pr\u00f3ximo a Narbona de una familia de mercaderes, <strong>Juan Francisco <\/strong>se educ\u00f3 en los jesuitas de B\u00e9ziers y en 1616 ingres\u00f3 en el noviciado que la Compa\u00f1\u00eda de Jes\u00fas ten\u00eda en Toulouse. Aun antes de ser jesuita, ya se contaban de \u00e9l prodigios por su heroica actuaci\u00f3n durante la peste que azot\u00f3 aquella ciudad. Su sue\u00f1o fue evangelizar el Canad\u00e1 franc\u00e9s, pero nunca se lo consintieron, y dedic\u00f3 su apostolado a su tierra natal. El ap\u00f3stol del Languedoc, o \u00abel santo\u00bb, as\u00ed era conocido. <\/p>\n\n\n\n<p class=\"wp-block-paragraph\">M\u00e1s tarde fue enviado a Montpellier. All\u00ed, y al final de su vida en Puy, feudo tradicional de los calvinistas, se consagra a rehacer la fe y las costumbres, tan maltrechas en aquellas comarcas despu\u00e9s de las guerras de religi\u00f3n. Las multitudes acud\u00edan a o\u00edr a aquel religioso de sotana ra\u00edda  y con remiendos, y de oratoria poco brillante, a menudo tachada de vulgar, pero que sacud\u00eda las conciencias con palabras sencillas e irresistibles. Cuando no predicaba o confesaba, recorr\u00eda las aldeas m\u00e1s apartadas hablando de <strong>Dios<\/strong> a los campesinos que no ve\u00edan un cura en todo el a\u00f1o, y atend\u00eda sol\u00edcitamente a los herejes consiguiendo muchas conversiones.<\/p>\n\n\n\n<p class=\"wp-block-paragraph\">La fundaci\u00f3n de una serie de casas de refugio para mujeres de vida airada dio pie a calumnias y amenazas de muerte, pero lo m\u00e1s duro fue la postura incomprensiva de sus superiores, quienes juzgaron que se exced\u00eda en su celo, y que a menudo pusieron no pocas trabas a su actividad, por lo cual <strong>San Juan Francisco Regis<\/strong> puede ser tambi\u00e9n considerado como m\u00e1rtir silencioso de la obediencia.<\/p>\n\n\n\n<p class=\"wp-block-paragraph\">Fuente: <em>La casa de los Santos. Un Santo para cada d\u00eda.<\/em> Carlos Pujol <\/p>\n","protected":false},"excerpt":{"rendered":"<p>Nacido en un pueblo pr\u00f3ximo a Narbona de una familia de mercaderes, Juan Francisco se educ\u00f3 en los jesuitas de B\u00e9ziers y en 1616 ingres\u00f3 en el noviciado que la Compa\u00f1\u00eda de Jes\u00fas ten\u00eda en Toulouse. Aun antes de ser jesuita, ya se contaban de \u00e9l prodigios por su heroica actuaci\u00f3n durante la peste que [&hellip;]<\/p>\n","protected":false},"author":1,"featured_media":2405,"comment_status":"open","ping_status":"open","sticky":false,"template":"","format":"standard","meta":{"_crdt_document":"","om_disable_all_campaigns":false,"_monsterinsights_skip_tracking":false,"_monsterinsights_sitenote_active":false,"_monsterinsights_sitenote_note":"","_monsterinsights_sitenote_category":0,"_uf_show_specific_survey":0,"_uf_disable_surveys":false,"jetpack_post_was_ever_published":false,"_jetpack_newsletter_access":"","_jetpack_dont_email_post_to_subs":false,"_jetpack_newsletter_tier_id":0,"_jetpack_memberships_contains_paywalled_content":false,"_jetpack_memberships_contains_paid_content":false,"footnotes":"","jetpack_publicize_message":"","jetpack_publicize_feature_enabled":true,"jetpack_social_post_already_shared":false,"jetpack_social_options":{"image_generator_settings":{"template":"highway","default_image_id":0,"font":"","enabled":false},"version":2}},"categories":[32],"tags":[],"class_list":["post-2404","post","type-post","status-publish","format-standard","has-post-thumbnail","hentry","category-santoral"],"aioseo_notices":[],"jetpack_publicize_connections":[],"jetpack_featured_media_url":"https:\/\/i0.wp.com\/www.raulmayoral.es\/wp-content\/uploads\/2024\/06\/16-junio.jpg?fit=597%2C605&ssl=1","jetpack-related-posts":[],"jetpack_sharing_enabled":true,"_links":{"self":[{"href":"https:\/\/www.raulmayoral.es\/index.php\/wp-json\/wp\/v2\/posts\/2404","targetHints":{"allow":["GET"]}}],"collection":[{"href":"https:\/\/www.raulmayoral.es\/index.php\/wp-json\/wp\/v2\/posts"}],"about":[{"href":"https:\/\/www.raulmayoral.es\/index.php\/wp-json\/wp\/v2\/types\/post"}],"author":[{"embeddable":true,"href":"https:\/\/www.raulmayoral.es\/index.php\/wp-json\/wp\/v2\/users\/1"}],"replies":[{"embeddable":true,"href":"https:\/\/www.raulmayoral.es\/index.php\/wp-json\/wp\/v2\/comments?post=2404"}],"version-history":[{"count":1,"href":"https:\/\/www.raulmayoral.es\/index.php\/wp-json\/wp\/v2\/posts\/2404\/revisions"}],"predecessor-version":[{"id":2406,"href":"https:\/\/www.raulmayoral.es\/index.php\/wp-json\/wp\/v2\/posts\/2404\/revisions\/2406"}],"wp:featuredmedia":[{"embeddable":true,"href":"https:\/\/www.raulmayoral.es\/index.php\/wp-json\/wp\/v2\/media\/2405"}],"wp:attachment":[{"href":"https:\/\/www.raulmayoral.es\/index.php\/wp-json\/wp\/v2\/media?parent=2404"}],"wp:term":[{"taxonomy":"category","embeddable":true,"href":"https:\/\/www.raulmayoral.es\/index.php\/wp-json\/wp\/v2\/categories?post=2404"},{"taxonomy":"post_tag","embeddable":true,"href":"https:\/\/www.raulmayoral.es\/index.php\/wp-json\/wp\/v2\/tags?post=2404"}],"curies":[{"name":"wp","href":"https:\/\/api.w.org\/{rel}","templated":true}]}}