{"id":2407,"date":"2024-06-17T12:52:08","date_gmt":"2024-06-17T10:52:08","guid":{"rendered":"https:\/\/www.raulmayoral.es\/?p=2407"},"modified":"2024-06-17T12:52:09","modified_gmt":"2024-06-17T10:52:09","slug":"17-de-junio-san-gregorio-barbarigo-1625-1697","status":"publish","type":"post","link":"https:\/\/www.raulmayoral.es\/index.php\/2024\/06\/17\/17-de-junio-san-gregorio-barbarigo-1625-1697\/","title":{"rendered":"17 de junio. San Gregorio Barbarigo (1625-1697)"},"content":{"rendered":"\n<p class=\"wp-block-paragraph\">Veneciano de familia senatorial, hu\u00e9rfano pronto de madre, qued\u00f3 al cuidado esmerad\u00edsimo de su padre. Con apenas veinte a\u00f1os <strong>Gregorio<\/strong> acompa\u00f1\u00f3 al embajador <strong>Contarini <\/strong>al congreso de Munster, y all\u00ed conoci\u00f3 al nuncio de la Santa Sede, <strong>Fabio Chigi<\/strong>, que influir\u00eda mucho en \u00e9l. A su regreso fue magistrado, pero le atra\u00eda la vida religiosa y estuvo a punto de hacerse carmelita, hasta que decidi\u00f3 ingresar en el clero secular iniciando sus restudios en Padua. <\/p>\n\n\n\n<p class=\"wp-block-paragraph\">En 1655 era sacerdote, y enseguida le llam\u00f3 a Roma su consejero de Munster, que era ahora el Papa <strong>Alejandro VII<\/strong>. Nombrado obispo de B\u00e9rgamo, encontr\u00f3 una di\u00f3cesis muy abandonada, la cual transform\u00f3 por completo con su ejemplo de austeridad, la fundaci\u00f3n de un seminario y la solicitud con que atend\u00eda a su grey. M\u00e1s tarde, siendo cardenal, pas\u00f3 a Obispo de Padua donde tambi\u00e9n combati\u00f3 la relajaci\u00f3n de costumbres y logr\u00f3 una reforma inspirada en <strong>San Carlos Borromeo<\/strong>.<\/p>\n\n\n\n<p class=\"wp-block-paragraph\">Obispo popularmente famoso por el caudal de limosnas que repart\u00eda y por la severidad con que reprimi\u00f3 abusos muy antiguos, <strong>San Gregorio Barbarigo <\/strong>hizo frente a varias rebeliones de can\u00f3nigos, le dispararon pistoletazos y un p\u00e1rroco fij\u00f3 en lugares p\u00fablicos una violenta s\u00e1tira contra \u00e9l. Muri\u00f3 con merecid\u00edsima fama de santo y fue canonizado en 1960.<\/p>\n\n\n\n<p class=\"wp-block-paragraph\">Fuente: <em>La casa de los Santos. Un Santo para cada d\u00eda<\/em>. Carlos Pujol<\/p>\n","protected":false},"excerpt":{"rendered":"<p>Veneciano de familia senatorial, hu\u00e9rfano pronto de madre, qued\u00f3 al cuidado esmerad\u00edsimo de su padre. Con apenas veinte a\u00f1os Gregorio acompa\u00f1\u00f3 al embajador Contarini al congreso de Munster, y all\u00ed conoci\u00f3 al nuncio de la Santa Sede, Fabio Chigi, que influir\u00eda mucho en \u00e9l. A su regreso fue magistrado, pero le atra\u00eda la vida religiosa [&hellip;]<\/p>\n","protected":false},"author":1,"featured_media":2408,"comment_status":"open","ping_status":"open","sticky":false,"template":"","format":"standard","meta":{"_crdt_document":"","om_disable_all_campaigns":false,"_monsterinsights_skip_tracking":false,"_monsterinsights_sitenote_active":false,"_monsterinsights_sitenote_note":"","_monsterinsights_sitenote_category":0,"_uf_show_specific_survey":0,"_uf_disable_surveys":false,"jetpack_post_was_ever_published":false,"_jetpack_newsletter_access":"","_jetpack_dont_email_post_to_subs":false,"_jetpack_newsletter_tier_id":0,"_jetpack_memberships_contains_paywalled_content":false,"_jetpack_memberships_contains_paid_content":false,"footnotes":"","jetpack_publicize_message":"","jetpack_publicize_feature_enabled":true,"jetpack_social_post_already_shared":false,"jetpack_social_options":{"image_generator_settings":{"template":"highway","default_image_id":0,"font":"","enabled":false},"version":2}},"categories":[32],"tags":[],"class_list":["post-2407","post","type-post","status-publish","format-standard","has-post-thumbnail","hentry","category-santoral"],"aioseo_notices":[],"jetpack_publicize_connections":[],"jetpack_featured_media_url":"https:\/\/i0.wp.com\/www.raulmayoral.es\/wp-content\/uploads\/2024\/06\/17-junio.jpg?fit=1000%2C500&ssl=1","jetpack-related-posts":[],"jetpack_sharing_enabled":true,"_links":{"self":[{"href":"https:\/\/www.raulmayoral.es\/index.php\/wp-json\/wp\/v2\/posts\/2407","targetHints":{"allow":["GET"]}}],"collection":[{"href":"https:\/\/www.raulmayoral.es\/index.php\/wp-json\/wp\/v2\/posts"}],"about":[{"href":"https:\/\/www.raulmayoral.es\/index.php\/wp-json\/wp\/v2\/types\/post"}],"author":[{"embeddable":true,"href":"https:\/\/www.raulmayoral.es\/index.php\/wp-json\/wp\/v2\/users\/1"}],"replies":[{"embeddable":true,"href":"https:\/\/www.raulmayoral.es\/index.php\/wp-json\/wp\/v2\/comments?post=2407"}],"version-history":[{"count":1,"href":"https:\/\/www.raulmayoral.es\/index.php\/wp-json\/wp\/v2\/posts\/2407\/revisions"}],"predecessor-version":[{"id":2409,"href":"https:\/\/www.raulmayoral.es\/index.php\/wp-json\/wp\/v2\/posts\/2407\/revisions\/2409"}],"wp:featuredmedia":[{"embeddable":true,"href":"https:\/\/www.raulmayoral.es\/index.php\/wp-json\/wp\/v2\/media\/2408"}],"wp:attachment":[{"href":"https:\/\/www.raulmayoral.es\/index.php\/wp-json\/wp\/v2\/media?parent=2407"}],"wp:term":[{"taxonomy":"category","embeddable":true,"href":"https:\/\/www.raulmayoral.es\/index.php\/wp-json\/wp\/v2\/categories?post=2407"},{"taxonomy":"post_tag","embeddable":true,"href":"https:\/\/www.raulmayoral.es\/index.php\/wp-json\/wp\/v2\/tags?post=2407"}],"curies":[{"name":"wp","href":"https:\/\/api.w.org\/{rel}","templated":true}]}}