{"id":2415,"date":"2024-06-19T13:46:35","date_gmt":"2024-06-19T11:46:35","guid":{"rendered":"https:\/\/www.raulmayoral.es\/?p=2415"},"modified":"2025-06-19T07:45:47","modified_gmt":"2025-06-19T05:45:47","slug":"19-de-junio-san-gervasio-y-san-protasio-siglo-i","status":"publish","type":"post","link":"https:\/\/www.raulmayoral.es\/index.php\/2024\/06\/19\/19-de-junio-san-gervasio-y-san-protasio-siglo-i\/","title":{"rendered":"19 de junio. San Gervasio y San Protasio (siglo I)"},"content":{"rendered":"\n<p class=\"wp-block-paragraph\">Hijos gemelos de <strong>San Vital<\/strong> y <strong>Santa Valeria<\/strong>, que tras el martirio de sus padres vendieron todos sus bienes para repartir su importe entre los necesitados y se hicieron bautizar. Por negarse a adorar a los \u00eddolos, se les decapit\u00f3 bajo <strong>Ner\u00f3n<\/strong>. Siglos despu\u00e9s, sus cuerpos ser\u00edan exhumados por <strong>San Ambrosio<\/strong>, obispo de Mil\u00e1n, quien guiado por un presentimiento, sue\u00f1o o visi\u00f3n sobrenatural descubri\u00f3 el lugar donde estaban sepultados. <\/p>\n\n\n\n<p class=\"wp-block-paragraph\">Lo cuenta <strong>San Agust\u00edn<\/strong> en sus <em>Confesiones<\/em>: \u00abFue entonces cuando descubristeis por medio de una visi\u00f3n al obispo de Mil\u00e1n el lugar donde estaban sepultados los cuerpos de los m\u00e1rtires&#8230; los hab\u00edas conservado al abrigo de la corrupci\u00f3n en vuestro misterioso tesoro para hacerlos salir de all\u00ed en el momento oportuno\u00bb. El mismo San Agust\u00edn afirma que mientras los restos de ambos m\u00e1rtires eran trasladados a la bas\u00edlica ambrosiana, obraron milagros, siendo causa de que un ciego recobrara la vista y unos endemoniados se vieran libres del Maligno.<\/p>\n\n\n\n<p class=\"wp-block-paragraph\"><strong>San Gervasio<\/strong> y <strong>San Protasio<\/strong> pertenecieron durante mucho tiempo al misterio de lo desconocido, y de pronto una visi\u00f3n divina y la solicitud del obispo de Mil\u00e1n devuelve sus vidas a la luz, hacen milagros, se les erigen iglesias, y en luminoso estilo de San Agust\u00edn, su reaparici\u00f3n evoca la opulencia espiritual de la santidad, a menudo opaca para nosotros, que Dios hace visible cuando conviene.<\/p>\n\n\n\n<p class=\"wp-block-paragraph\">Fuente: <em>La casa de los Santos. Un Santo para cada d\u00eda.<\/em> Carlos Pujol<\/p>\n","protected":false},"excerpt":{"rendered":"<p>Hijos gemelos de San Vital y Santa Valeria, que tras el martirio de sus padres vendieron todos sus bienes para repartir su importe entre los necesitados y se hicieron bautizar. Por negarse a adorar a los \u00eddolos, se les decapit\u00f3 bajo Ner\u00f3n. Siglos despu\u00e9s, sus cuerpos ser\u00edan exhumados por San Ambrosio, obispo de Mil\u00e1n, quien [&hellip;]<\/p>\n","protected":false},"author":1,"featured_media":2416,"comment_status":"open","ping_status":"open","sticky":false,"template":"","format":"standard","meta":{"_crdt_document":"","om_disable_all_campaigns":false,"_monsterinsights_skip_tracking":false,"_monsterinsights_sitenote_active":false,"_monsterinsights_sitenote_note":"","_monsterinsights_sitenote_category":0,"_uf_show_specific_survey":0,"_uf_disable_surveys":false,"jetpack_post_was_ever_published":false,"_jetpack_newsletter_access":"","_jetpack_dont_email_post_to_subs":false,"_jetpack_newsletter_tier_id":0,"_jetpack_memberships_contains_paywalled_content":false,"_jetpack_memberships_contains_paid_content":false,"footnotes":"","jetpack_publicize_message":"","jetpack_publicize_feature_enabled":true,"jetpack_social_post_already_shared":false,"jetpack_social_options":{"image_generator_settings":{"template":"highway","default_image_id":0,"font":"","enabled":false},"version":2}},"categories":[32],"tags":[],"class_list":["post-2415","post","type-post","status-publish","format-standard","has-post-thumbnail","hentry","category-santoral"],"aioseo_notices":[],"jetpack_publicize_connections":[],"jetpack_featured_media_url":"https:\/\/i0.wp.com\/www.raulmayoral.es\/wp-content\/uploads\/2024\/06\/19-junio.png?fit=800%2C766&ssl=1","jetpack-related-posts":[],"jetpack_sharing_enabled":true,"_links":{"self":[{"href":"https:\/\/www.raulmayoral.es\/index.php\/wp-json\/wp\/v2\/posts\/2415","targetHints":{"allow":["GET"]}}],"collection":[{"href":"https:\/\/www.raulmayoral.es\/index.php\/wp-json\/wp\/v2\/posts"}],"about":[{"href":"https:\/\/www.raulmayoral.es\/index.php\/wp-json\/wp\/v2\/types\/post"}],"author":[{"embeddable":true,"href":"https:\/\/www.raulmayoral.es\/index.php\/wp-json\/wp\/v2\/users\/1"}],"replies":[{"embeddable":true,"href":"https:\/\/www.raulmayoral.es\/index.php\/wp-json\/wp\/v2\/comments?post=2415"}],"version-history":[{"count":2,"href":"https:\/\/www.raulmayoral.es\/index.php\/wp-json\/wp\/v2\/posts\/2415\/revisions"}],"predecessor-version":[{"id":3349,"href":"https:\/\/www.raulmayoral.es\/index.php\/wp-json\/wp\/v2\/posts\/2415\/revisions\/3349"}],"wp:featuredmedia":[{"embeddable":true,"href":"https:\/\/www.raulmayoral.es\/index.php\/wp-json\/wp\/v2\/media\/2416"}],"wp:attachment":[{"href":"https:\/\/www.raulmayoral.es\/index.php\/wp-json\/wp\/v2\/media?parent=2415"}],"wp:term":[{"taxonomy":"category","embeddable":true,"href":"https:\/\/www.raulmayoral.es\/index.php\/wp-json\/wp\/v2\/categories?post=2415"},{"taxonomy":"post_tag","embeddable":true,"href":"https:\/\/www.raulmayoral.es\/index.php\/wp-json\/wp\/v2\/tags?post=2415"}],"curies":[{"name":"wp","href":"https:\/\/api.w.org\/{rel}","templated":true}]}}