{"id":2418,"date":"2024-06-20T11:39:12","date_gmt":"2024-06-20T09:39:12","guid":{"rendered":"https:\/\/www.raulmayoral.es\/?p=2418"},"modified":"2024-06-20T11:39:13","modified_gmt":"2024-06-20T09:39:13","slug":"20-de-junio-san-silverio-537","status":"publish","type":"post","link":"https:\/\/www.raulmayoral.es\/index.php\/2024\/06\/20\/20-de-junio-san-silverio-537\/","title":{"rendered":"20 de junio. San Silverio (&#8230;-537)"},"content":{"rendered":"\n<p class=\"wp-block-paragraph\">Natural de la Campania, hijo del Papa <strong>Hormisdas<\/strong>, <strong>Silverio<\/strong> fue elegido Papa por la influencia del rey godo <strong>Teododato<\/strong>, y tuvo un pontificado breve y tumultuoso, a causa, seg\u00fan un antiguo hagi\u00f3grafo, de \u00abdos mujeres locas y atrevidas\u00bb, la emperatriz <strong>Teodora<\/strong>, casada con Justiniano, y amiga de los herejes condenados en el concilio de Calcedonia, y <strong>Antonina<\/strong>, esposa de su general <strong>Belisario<\/strong>. <\/p>\n\n\n\n<p class=\"wp-block-paragraph\">Silverio se neg\u00f3 a revocar las decisiones de su antecesor <strong>Agapito<\/strong>, declarando que \u00abantes perder\u00eda el pontificado y la vida que deshacer lo que santamente hab\u00eda hecho su predecesor\u00bb, y por obra de los manejos de estas dos mujeres, aliadas con un cl\u00e9rigo ambicioso, <strong>Vigilio<\/strong>, perdi\u00f3 ambas cosas. El Sumo Pont\u00edfice fue hecho preso, vestido de monje y conducido al destierro en una isla, donde afligido de pobreza, calamidades y miserias, de puro maltratamiento vino a a morir. Por eso la Iglesia le venera como m\u00e1rtir.<\/p>\n\n\n\n<p class=\"wp-block-paragraph\">Vigilio, su sucesor, fue menos maleable de lo que esperaba Teodora y acab\u00f3 renunciando a la c\u00e1tedra apost\u00f3lica que hab\u00eda usurpado, aunque a la muerte de Silverio fue elegido papa. Con \u00e9l Roma tuvo durante un largo per\u00edodo una pol\u00edtica titubeante e insegura, que acentuaba a\u00fan m\u00e1s la firmeza heroica de que hab\u00eda dado muestras San Silverio.<\/p>\n\n\n\n<p class=\"wp-block-paragraph\">Fuente. <em>La casa de los Santos. Un Santo para cada d\u00eda<\/em>. Carlos Pujol.<\/p>\n\n\n\n<p class=\"wp-block-paragraph\"> <\/p>\n","protected":false},"excerpt":{"rendered":"<p>Natural de la Campania, hijo del Papa Hormisdas, Silverio fue elegido Papa por la influencia del rey godo Teododato, y tuvo un pontificado breve y tumultuoso, a causa, seg\u00fan un antiguo hagi\u00f3grafo, de \u00abdos mujeres locas y atrevidas\u00bb, la emperatriz Teodora, casada con Justiniano, y amiga de los herejes condenados en el concilio de Calcedonia, [&hellip;]<\/p>\n","protected":false},"author":1,"featured_media":2419,"comment_status":"open","ping_status":"open","sticky":false,"template":"","format":"standard","meta":{"_crdt_document":"","om_disable_all_campaigns":false,"_monsterinsights_skip_tracking":false,"_monsterinsights_sitenote_active":false,"_monsterinsights_sitenote_note":"","_monsterinsights_sitenote_category":0,"_uf_show_specific_survey":0,"_uf_disable_surveys":false,"jetpack_post_was_ever_published":false,"_jetpack_newsletter_access":"","_jetpack_dont_email_post_to_subs":false,"_jetpack_newsletter_tier_id":0,"_jetpack_memberships_contains_paywalled_content":false,"_jetpack_memberships_contains_paid_content":false,"footnotes":"","jetpack_publicize_message":"","jetpack_publicize_feature_enabled":true,"jetpack_social_post_already_shared":false,"jetpack_social_options":{"image_generator_settings":{"template":"highway","default_image_id":0,"font":"","enabled":false},"version":2}},"categories":[32],"tags":[],"class_list":["post-2418","post","type-post","status-publish","format-standard","has-post-thumbnail","hentry","category-santoral"],"aioseo_notices":[],"jetpack_publicize_connections":[],"jetpack_featured_media_url":"https:\/\/i0.wp.com\/www.raulmayoral.es\/wp-content\/uploads\/2024\/06\/20-junio.jpg?fit=512%2C342&ssl=1","jetpack-related-posts":[],"jetpack_sharing_enabled":true,"_links":{"self":[{"href":"https:\/\/www.raulmayoral.es\/index.php\/wp-json\/wp\/v2\/posts\/2418","targetHints":{"allow":["GET"]}}],"collection":[{"href":"https:\/\/www.raulmayoral.es\/index.php\/wp-json\/wp\/v2\/posts"}],"about":[{"href":"https:\/\/www.raulmayoral.es\/index.php\/wp-json\/wp\/v2\/types\/post"}],"author":[{"embeddable":true,"href":"https:\/\/www.raulmayoral.es\/index.php\/wp-json\/wp\/v2\/users\/1"}],"replies":[{"embeddable":true,"href":"https:\/\/www.raulmayoral.es\/index.php\/wp-json\/wp\/v2\/comments?post=2418"}],"version-history":[{"count":1,"href":"https:\/\/www.raulmayoral.es\/index.php\/wp-json\/wp\/v2\/posts\/2418\/revisions"}],"predecessor-version":[{"id":2420,"href":"https:\/\/www.raulmayoral.es\/index.php\/wp-json\/wp\/v2\/posts\/2418\/revisions\/2420"}],"wp:featuredmedia":[{"embeddable":true,"href":"https:\/\/www.raulmayoral.es\/index.php\/wp-json\/wp\/v2\/media\/2419"}],"wp:attachment":[{"href":"https:\/\/www.raulmayoral.es\/index.php\/wp-json\/wp\/v2\/media?parent=2418"}],"wp:term":[{"taxonomy":"category","embeddable":true,"href":"https:\/\/www.raulmayoral.es\/index.php\/wp-json\/wp\/v2\/categories?post=2418"},{"taxonomy":"post_tag","embeddable":true,"href":"https:\/\/www.raulmayoral.es\/index.php\/wp-json\/wp\/v2\/tags?post=2418"}],"curies":[{"name":"wp","href":"https:\/\/api.w.org\/{rel}","templated":true}]}}