{"id":2514,"date":"2024-07-09T14:49:08","date_gmt":"2024-07-09T12:49:08","guid":{"rendered":"https:\/\/www.raulmayoral.es\/?p=2514"},"modified":"2024-07-09T14:53:15","modified_gmt":"2024-07-09T12:53:15","slug":"9-de-julio-santa-veronica-de-julianis-1660-1727","status":"publish","type":"post","link":"https:\/\/www.raulmayoral.es\/index.php\/2024\/07\/09\/9-de-julio-santa-veronica-de-julianis-1660-1727\/","title":{"rendered":"9 de julio. Santa Ver\u00f3nica de Julianis (1660-1727)"},"content":{"rendered":"\n<p class=\"wp-block-paragraph\">De peque\u00f1a se llamaba <strong>\u00darsula<\/strong>, era la menor de siete hermanas y hu\u00e9rfana de madre desde los cuatro a\u00f1os, su padre, instalado en Plasencia como intendente general de Hacienda, hac\u00eda planes para casarla adecuadamente, contando con sus atractivos. Caprichosa vehemente, terca y traviesa, nada parec\u00eda anunciar en ella una futura m\u00edstica.<\/p>\n\n\n\n<p class=\"wp-block-paragraph\">A los diecisiete a\u00f1os se hizo capuchina en un convento de Citt\u00e1 di Castelo, en la Umbr\u00eda, y adopt\u00f3 el nombre de <strong>Ver\u00f3nica<\/strong>, el espejo de <strong>Dios<\/strong>. Siendo maestra de novicias, llam\u00f3 la atenci\u00f3n porque protagonizaba fen\u00f3menos inexplicables que alarmaron a las autoridades eclesi\u00e1sticas. Ten\u00eda visiones y \u00e9xtasis, pero, adem\u00e1s, llevaba impresos en manos y pies los estigmas de la Pasi\u00f3n. El obispo de la di\u00f3cesis, de acuerdo con la abadesa y con la ayuda de un docto jesuita y de tres m\u00e9dicos, estudi\u00f3 el caso con la desconfianza que es de rigor. Pero las heridas se renovaban tras ser curadas.<\/p>\n\n\n\n<p class=\"wp-block-paragraph\">Ante la imposibilidad de aclarar los hechos, se impuso a la monja el severo castigo de ser recluida en su celda, sin o\u00edr misa ni comulgar. Se la consideraba una  impostora. Sin embargo, los fen\u00f3menos persist\u00edan y ella los viv\u00eda con una actitud serena, confiada y alegre, de absoluta obediencia y humildad. M\u00e1s tarde fue abadesa hasta su muerte. <strong>Santa Ver\u00f3nica<\/strong> gobern\u00f3 el convento con un esp\u00edritu pr\u00e1ctico, una solicitud por los detalles de la vida cotidiana, una sensatez y un buen humor que desconcertaban a quienes cre\u00edan que la uni\u00f3n \u00edntima con Dios incapacita para vivir en este mundo.<\/p>\n\n\n\n<p class=\"wp-block-paragraph\">Fuente: <em>La casa de los Santos. Un Santo para cada d\u00eda<\/em>. Carlos Pujol.<\/p>\n\n\n\n<figure class=\"wp-block-image size-full\"><img data-recalc-dims=\"1\" loading=\"lazy\" decoding=\"async\" width=\"625\" height=\"625\" src=\"https:\/\/i0.wp.com\/www.raulmayoral.es\/wp-content\/uploads\/2024\/07\/PIDELO-YA-EN-AMAZON.jpg?resize=625%2C625&#038;ssl=1\" alt=\"\" class=\"wp-image-2516\" srcset=\"https:\/\/i0.wp.com\/www.raulmayoral.es\/wp-content\/uploads\/2024\/07\/PIDELO-YA-EN-AMAZON.jpg?w=800&amp;ssl=1 800w, https:\/\/i0.wp.com\/www.raulmayoral.es\/wp-content\/uploads\/2024\/07\/PIDELO-YA-EN-AMAZON.jpg?resize=300%2C300&amp;ssl=1 300w, https:\/\/i0.wp.com\/www.raulmayoral.es\/wp-content\/uploads\/2024\/07\/PIDELO-YA-EN-AMAZON.jpg?resize=150%2C150&amp;ssl=1 150w, https:\/\/i0.wp.com\/www.raulmayoral.es\/wp-content\/uploads\/2024\/07\/PIDELO-YA-EN-AMAZON.jpg?resize=768%2C768&amp;ssl=1 768w, https:\/\/i0.wp.com\/www.raulmayoral.es\/wp-content\/uploads\/2024\/07\/PIDELO-YA-EN-AMAZON.jpg?resize=624%2C624&amp;ssl=1 624w\" sizes=\"auto, (max-width: 625px) 100vw, 625px\" \/><\/figure>\n\n\n\n<p class=\"wp-block-paragraph\"><\/p>\n","protected":false},"excerpt":{"rendered":"<p>De peque\u00f1a se llamaba \u00darsula, era la menor de siete hermanas y hu\u00e9rfana de madre desde los cuatro a\u00f1os, su padre, instalado en Plasencia como intendente general de Hacienda, hac\u00eda planes para casarla adecuadamente, contando con sus atractivos. Caprichosa vehemente, terca y traviesa, nada parec\u00eda anunciar en ella una futura m\u00edstica. A los diecisiete a\u00f1os [&hellip;]<\/p>\n","protected":false},"author":1,"featured_media":2515,"comment_status":"open","ping_status":"open","sticky":false,"template":"","format":"standard","meta":{"_crdt_document":"","om_disable_all_campaigns":false,"_monsterinsights_skip_tracking":false,"_monsterinsights_sitenote_active":false,"_monsterinsights_sitenote_note":"","_monsterinsights_sitenote_category":0,"_uf_show_specific_survey":0,"_uf_disable_surveys":false,"jetpack_post_was_ever_published":false,"_jetpack_newsletter_access":"","_jetpack_dont_email_post_to_subs":false,"_jetpack_newsletter_tier_id":0,"_jetpack_memberships_contains_paywalled_content":false,"_jetpack_memberships_contains_paid_content":false,"footnotes":"","jetpack_publicize_message":"","jetpack_publicize_feature_enabled":true,"jetpack_social_post_already_shared":false,"jetpack_social_options":{"image_generator_settings":{"template":"highway","default_image_id":0,"font":"","enabled":false},"version":2}},"categories":[32],"tags":[],"class_list":["post-2514","post","type-post","status-publish","format-standard","has-post-thumbnail","hentry","category-santoral"],"aioseo_notices":[],"jetpack_publicize_connections":[],"jetpack_featured_media_url":"https:\/\/i0.wp.com\/www.raulmayoral.es\/wp-content\/uploads\/2024\/07\/9-julio.jpg?fit=482%2C637&ssl=1","jetpack-related-posts":[],"jetpack_sharing_enabled":true,"_links":{"self":[{"href":"https:\/\/www.raulmayoral.es\/index.php\/wp-json\/wp\/v2\/posts\/2514","targetHints":{"allow":["GET"]}}],"collection":[{"href":"https:\/\/www.raulmayoral.es\/index.php\/wp-json\/wp\/v2\/posts"}],"about":[{"href":"https:\/\/www.raulmayoral.es\/index.php\/wp-json\/wp\/v2\/types\/post"}],"author":[{"embeddable":true,"href":"https:\/\/www.raulmayoral.es\/index.php\/wp-json\/wp\/v2\/users\/1"}],"replies":[{"embeddable":true,"href":"https:\/\/www.raulmayoral.es\/index.php\/wp-json\/wp\/v2\/comments?post=2514"}],"version-history":[{"count":2,"href":"https:\/\/www.raulmayoral.es\/index.php\/wp-json\/wp\/v2\/posts\/2514\/revisions"}],"predecessor-version":[{"id":2519,"href":"https:\/\/www.raulmayoral.es\/index.php\/wp-json\/wp\/v2\/posts\/2514\/revisions\/2519"}],"wp:featuredmedia":[{"embeddable":true,"href":"https:\/\/www.raulmayoral.es\/index.php\/wp-json\/wp\/v2\/media\/2515"}],"wp:attachment":[{"href":"https:\/\/www.raulmayoral.es\/index.php\/wp-json\/wp\/v2\/media?parent=2514"}],"wp:term":[{"taxonomy":"category","embeddable":true,"href":"https:\/\/www.raulmayoral.es\/index.php\/wp-json\/wp\/v2\/categories?post=2514"},{"taxonomy":"post_tag","embeddable":true,"href":"https:\/\/www.raulmayoral.es\/index.php\/wp-json\/wp\/v2\/tags?post=2514"}],"curies":[{"name":"wp","href":"https:\/\/api.w.org\/{rel}","templated":true}]}}