{"id":2521,"date":"2024-07-10T18:05:59","date_gmt":"2024-07-10T16:05:59","guid":{"rendered":"https:\/\/www.raulmayoral.es\/?p=2521"},"modified":"2024-07-10T18:06:00","modified_gmt":"2024-07-10T16:06:00","slug":"10-de-julio-san-cristobal-siglo-iii","status":"publish","type":"post","link":"https:\/\/www.raulmayoral.es\/index.php\/2024\/07\/10\/10-de-julio-san-cristobal-siglo-iii\/","title":{"rendered":"10 de julio. San Crist\u00f3bal (\u00bfsiglo III?)"},"content":{"rendered":"\n<p class=\"wp-block-paragraph\">M\u00e1rtir de Asia Menor, a quien ya se rend\u00eda culto en el siglo V. Su nombre griego, <strong>Crist\u00f3bal<\/strong>, \u00abel portador de <strong>Cristo<\/strong>\u00ab, es enigm\u00e1tico y se empareja con una de las leyendas m\u00e1s bellas y significativas de toda la tradici\u00f3n cristiana, siendo patrono de viajeros, que, al viajar hoy en autom\u00f3vil, son, m\u00e1s bien, automovilistas.  De estatura colosal, con gran fuerza f\u00edsica y con el orgullo de no conformarse con servir a amos que no fueran dignos de \u00e9l. Primero un rey, aparente se\u00f1or de la tierra, y luego el Diablo, verdadero pr\u00edncipe de este mundo, le defraudan, uno y otro se vanaglorian de no temer a nadie, pero el rey tiene miedo al Diablo, y el Diablo tiembla ante la sola menci\u00f3n de una cruz donde muri\u00f3 un tal Jesucristo.<\/p>\n\n\n\n<p class=\"wp-block-paragraph\">\u00bfQui\u00e9n podr\u00e1 ser ese raro personaje tan poderoso aun despu\u00e9s de morir? Se lanza a los caminos en su busca y termina por apostarse al vado de un r\u00edo por donde pasan incontables viajeros a los que \u00e9l, por su herc\u00falea corpulencia, lleva hasta la otra orilla a cambio de unas monedas. Nadie le da la raz\u00f3n del hombre muerto en la cruz que aterroriza al Diablo.<\/p>\n\n\n\n<p class=\"wp-block-paragraph\">Hasta que un d\u00eda cruza la corriente cargado con un insignificante ni\u00f1o a quien no se molesta en preguntar. \u00bfQu\u00e9 va a saber aquella fr\u00e1gil criatura? A mitad del r\u00edo su peso se hace insoportable y s\u00f3lo a costa de enormes esfuerzos consigue llegar a la orilla: <strong>San Crist\u00f3bal <\/strong>llevaba a hombros m\u00e1s que el universo entero, al mismo <strong>Dios<\/strong> que lo cre\u00f3 y redimi\u00f3.  Por fin hab\u00eda encontrado a Aqu\u00e9l a quien buscaba.<\/p>\n\n\n\n<p class=\"wp-block-paragraph\">Fuente: <em>La casa de los Santos. Un Santo para cada d\u00eda<\/em>. Carlos Pujol.<\/p>\n","protected":false},"excerpt":{"rendered":"<p>M\u00e1rtir de Asia Menor, a quien ya se rend\u00eda culto en el siglo V. Su nombre griego, Crist\u00f3bal, \u00abel portador de Cristo\u00ab, es enigm\u00e1tico y se empareja con una de las leyendas m\u00e1s bellas y significativas de toda la tradici\u00f3n cristiana, siendo patrono de viajeros, que, al viajar hoy en autom\u00f3vil, son, m\u00e1s bien, automovilistas. [&hellip;]<\/p>\n","protected":false},"author":1,"featured_media":2522,"comment_status":"open","ping_status":"open","sticky":false,"template":"","format":"standard","meta":{"_crdt_document":"","om_disable_all_campaigns":false,"_monsterinsights_skip_tracking":false,"_monsterinsights_sitenote_active":false,"_monsterinsights_sitenote_note":"","_monsterinsights_sitenote_category":0,"_uf_show_specific_survey":0,"_uf_disable_surveys":false,"jetpack_post_was_ever_published":false,"_jetpack_newsletter_access":"","_jetpack_dont_email_post_to_subs":false,"_jetpack_newsletter_tier_id":0,"_jetpack_memberships_contains_paywalled_content":false,"_jetpack_memberships_contains_paid_content":false,"footnotes":"","jetpack_publicize_message":"","jetpack_publicize_feature_enabled":true,"jetpack_social_post_already_shared":false,"jetpack_social_options":{"image_generator_settings":{"template":"highway","default_image_id":0,"font":"","enabled":false},"version":2}},"categories":[32],"tags":[],"class_list":["post-2521","post","type-post","status-publish","format-standard","has-post-thumbnail","hentry","category-santoral"],"aioseo_notices":[],"jetpack_publicize_connections":[],"jetpack_featured_media_url":"https:\/\/i0.wp.com\/www.raulmayoral.es\/wp-content\/uploads\/2024\/07\/10-julio.jpg?fit=449%2C640&ssl=1","jetpack-related-posts":[],"jetpack_sharing_enabled":true,"_links":{"self":[{"href":"https:\/\/www.raulmayoral.es\/index.php\/wp-json\/wp\/v2\/posts\/2521","targetHints":{"allow":["GET"]}}],"collection":[{"href":"https:\/\/www.raulmayoral.es\/index.php\/wp-json\/wp\/v2\/posts"}],"about":[{"href":"https:\/\/www.raulmayoral.es\/index.php\/wp-json\/wp\/v2\/types\/post"}],"author":[{"embeddable":true,"href":"https:\/\/www.raulmayoral.es\/index.php\/wp-json\/wp\/v2\/users\/1"}],"replies":[{"embeddable":true,"href":"https:\/\/www.raulmayoral.es\/index.php\/wp-json\/wp\/v2\/comments?post=2521"}],"version-history":[{"count":1,"href":"https:\/\/www.raulmayoral.es\/index.php\/wp-json\/wp\/v2\/posts\/2521\/revisions"}],"predecessor-version":[{"id":2523,"href":"https:\/\/www.raulmayoral.es\/index.php\/wp-json\/wp\/v2\/posts\/2521\/revisions\/2523"}],"wp:featuredmedia":[{"embeddable":true,"href":"https:\/\/www.raulmayoral.es\/index.php\/wp-json\/wp\/v2\/media\/2522"}],"wp:attachment":[{"href":"https:\/\/www.raulmayoral.es\/index.php\/wp-json\/wp\/v2\/media?parent=2521"}],"wp:term":[{"taxonomy":"category","embeddable":true,"href":"https:\/\/www.raulmayoral.es\/index.php\/wp-json\/wp\/v2\/categories?post=2521"},{"taxonomy":"post_tag","embeddable":true,"href":"https:\/\/www.raulmayoral.es\/index.php\/wp-json\/wp\/v2\/tags?post=2521"}],"curies":[{"name":"wp","href":"https:\/\/api.w.org\/{rel}","templated":true}]}}