{"id":2536,"date":"2024-07-14T10:48:11","date_gmt":"2024-07-14T08:48:11","guid":{"rendered":"https:\/\/www.raulmayoral.es\/?p=2536"},"modified":"2024-07-14T10:48:13","modified_gmt":"2024-07-14T08:48:13","slug":"14-de-julio-san-francisco-solano-1549-1610","status":"publish","type":"post","link":"https:\/\/www.raulmayoral.es\/index.php\/2024\/07\/14\/14-de-julio-san-francisco-solano-1549-1610\/","title":{"rendered":"14 de julio. San Francisco Solano (1549-1610)"},"content":{"rendered":"\n<p class=\"wp-block-paragraph\">Nacido en Montilla, C\u00f3rdoba, <strong>Francisco<\/strong> estudia en los jesuitas y en 1659 se hace franciscano, pasa al convento de Nuestra Se\u00f1ora de Loreto, cerca de Sevilla, y luego se hace maestro de novicios  y superior en San Francisco del Monte.<\/p>\n\n\n\n<p class=\"wp-block-paragraph\">En 1589 embarca en C\u00e1diz con once religiosos m\u00e1s y empieza la ventura americana, en la que se suceden naufragios, calamidades y peligros, llega a Tucum\u00e1n por la ruta de los conquistadores y durante diez a\u00f1os misiona entre los indios convirtiendo a much\u00edsimos de ellos. Aprendi\u00f3 la lengua de la tierra peruana y su predicaci\u00f3n popular y sencilla causaba un efecto imborrable en sus oyentes. Desde 1601 le encontramos en Lima, donde sus superiores tienen que amonestarle porque sus palabras conmueven de tal manera que se suscitan tumultos.<\/p>\n\n\n\n<p class=\"wp-block-paragraph\">En los altares se representa a este fraile con un viol\u00edn, instrumento del que se serv\u00eda para atraer a los indios americanos, quiz\u00e1s entonando tambi\u00e9n alguna canci\u00f3n porque se sabe que adem\u00e1s de ser aficionado a la m\u00fasica ten\u00eda muy buen voz. En Lima, <strong>San Francisco Solano<\/strong> morir\u00e1 tras una breve enfermedad. Ya ten\u00eda entonces fama de santo este fraile viajero del viol\u00edn y del crucifijo.<\/p>\n\n\n\n<p class=\"wp-block-paragraph\">Fuente: <em>La casa de los Santos. Un Santo para cada d\u00eda<\/em>. Carlos Pujol.<\/p>\n","protected":false},"excerpt":{"rendered":"<p>Nacido en Montilla, C\u00f3rdoba, Francisco estudia en los jesuitas y en 1659 se hace franciscano, pasa al convento de Nuestra Se\u00f1ora de Loreto, cerca de Sevilla, y luego se hace maestro de novicios y superior en San Francisco del Monte. En 1589 embarca en C\u00e1diz con once religiosos m\u00e1s y empieza la ventura americana, en [&hellip;]<\/p>\n","protected":false},"author":1,"featured_media":2537,"comment_status":"open","ping_status":"open","sticky":false,"template":"","format":"standard","meta":{"_crdt_document":"","om_disable_all_campaigns":false,"_monsterinsights_skip_tracking":false,"_monsterinsights_sitenote_active":false,"_monsterinsights_sitenote_note":"","_monsterinsights_sitenote_category":0,"_uf_show_specific_survey":0,"_uf_disable_surveys":false,"jetpack_post_was_ever_published":false,"_jetpack_newsletter_access":"","_jetpack_dont_email_post_to_subs":false,"_jetpack_newsletter_tier_id":0,"_jetpack_memberships_contains_paywalled_content":false,"_jetpack_memberships_contains_paid_content":false,"footnotes":"","jetpack_publicize_message":"","jetpack_publicize_feature_enabled":true,"jetpack_social_post_already_shared":false,"jetpack_social_options":{"image_generator_settings":{"template":"highway","default_image_id":0,"font":"","enabled":false},"version":2}},"categories":[32],"tags":[],"class_list":["post-2536","post","type-post","status-publish","format-standard","has-post-thumbnail","hentry","category-santoral"],"aioseo_notices":[],"jetpack_publicize_connections":[],"jetpack_featured_media_url":"https:\/\/i0.wp.com\/www.raulmayoral.es\/wp-content\/uploads\/2024\/07\/14-julio.jpg?fit=194%2C259&ssl=1","jetpack-related-posts":[],"jetpack_sharing_enabled":true,"_links":{"self":[{"href":"https:\/\/www.raulmayoral.es\/index.php\/wp-json\/wp\/v2\/posts\/2536","targetHints":{"allow":["GET"]}}],"collection":[{"href":"https:\/\/www.raulmayoral.es\/index.php\/wp-json\/wp\/v2\/posts"}],"about":[{"href":"https:\/\/www.raulmayoral.es\/index.php\/wp-json\/wp\/v2\/types\/post"}],"author":[{"embeddable":true,"href":"https:\/\/www.raulmayoral.es\/index.php\/wp-json\/wp\/v2\/users\/1"}],"replies":[{"embeddable":true,"href":"https:\/\/www.raulmayoral.es\/index.php\/wp-json\/wp\/v2\/comments?post=2536"}],"version-history":[{"count":1,"href":"https:\/\/www.raulmayoral.es\/index.php\/wp-json\/wp\/v2\/posts\/2536\/revisions"}],"predecessor-version":[{"id":2538,"href":"https:\/\/www.raulmayoral.es\/index.php\/wp-json\/wp\/v2\/posts\/2536\/revisions\/2538"}],"wp:featuredmedia":[{"embeddable":true,"href":"https:\/\/www.raulmayoral.es\/index.php\/wp-json\/wp\/v2\/media\/2537"}],"wp:attachment":[{"href":"https:\/\/www.raulmayoral.es\/index.php\/wp-json\/wp\/v2\/media?parent=2536"}],"wp:term":[{"taxonomy":"category","embeddable":true,"href":"https:\/\/www.raulmayoral.es\/index.php\/wp-json\/wp\/v2\/categories?post=2536"},{"taxonomy":"post_tag","embeddable":true,"href":"https:\/\/www.raulmayoral.es\/index.php\/wp-json\/wp\/v2\/tags?post=2536"}],"curies":[{"name":"wp","href":"https:\/\/api.w.org\/{rel}","templated":true}]}}