{"id":2540,"date":"2024-07-15T12:27:44","date_gmt":"2024-07-15T10:27:44","guid":{"rendered":"https:\/\/www.raulmayoral.es\/?p=2540"},"modified":"2024-07-15T12:27:46","modified_gmt":"2024-07-15T10:27:46","slug":"15-de-julio-san-buenaventura-1221-1274","status":"publish","type":"post","link":"https:\/\/www.raulmayoral.es\/index.php\/2024\/07\/15\/15-de-julio-san-buenaventura-1221-1274\/","title":{"rendered":"15 de julio. San Buenaventura (1221-1274)"},"content":{"rendered":"\n<p class=\"wp-block-paragraph\">Nacido en la aldea toscana de Bagnorea, <strong>Juan de Fidanza<\/strong> llega a Par\u00eds para completar sus estudios y se hace franciscano, pasando a ser <strong>fray<\/strong> <strong>Buenaventura<\/strong>. En la capital francesa se viv\u00eda por entonces una enconada guerra entre te\u00f3logos rivales que derrochan orgullo y hasta violencia. Frailes que iban a la gre\u00f1a entre injurias, calumnias y hasta palizas discutiendo sobre <strong>Arist\u00f3teles<\/strong> y <strong>Averroes<\/strong>. <\/p>\n\n\n\n<p class=\"wp-block-paragraph\">En este guirigay tan poco ejemplar se forma Buenaventura. Esa experiencia inolvidable le proporcionar\u00eda un santo equilibrio: sin renunciar a la inteligencia y al saber, insisti\u00f3 siempre en que cualquier mujeruca ignorante puede amar y conocer mejor a Dios que un sabio te\u00f3logo. \u00c9l y <strong>Tom\u00e1s de Aquino<\/strong> ser\u00e1n el Doctor Ser\u00e1fico y el Doctor Ang\u00e9lico resumiendo fraternalmente en aquel agitado Par\u00eds el esfuerzo por unir verdad y caridad.<\/p>\n\n\n\n<p class=\"wp-block-paragraph\"><strong>San Buenaventura<\/strong> ser\u00e1 un franciscano antes que nada, y cuando le elijan general de su orden, tambi\u00e9n muy dividida, y se convierta en una gran personalidad (obispo de Albano, cardenal y legado pontificio), antepondr\u00e1 a todos los honores el esp\u00edritu de sencillez del fundador. Lavaba la vajilla de su convento, cerca de Florencia, cuando los enviados del Papa fueron a anunciarle que era cardenal, y seg\u00fan la tradici\u00f3n les pidi\u00f3 que colgaran el capelo de la rama de un \u00e1rbol porque \u00e9l ten\u00eda las manos grasientas y sucias. Esto ser\u00e1 m\u00e1s duro, suspir\u00f3.<\/p>\n\n\n\n<p class=\"wp-block-paragraph\">Fuente: <em>La casa de los Santos. Un Santo para cada d\u00eda<\/em>. Carlos Pujol<\/p>\n","protected":false},"excerpt":{"rendered":"<p>Nacido en la aldea toscana de Bagnorea, Juan de Fidanza llega a Par\u00eds para completar sus estudios y se hace franciscano, pasando a ser fray Buenaventura. En la capital francesa se viv\u00eda por entonces una enconada guerra entre te\u00f3logos rivales que derrochan orgullo y hasta violencia. Frailes que iban a la gre\u00f1a entre injurias, calumnias [&hellip;]<\/p>\n","protected":false},"author":1,"featured_media":2541,"comment_status":"open","ping_status":"open","sticky":false,"template":"","format":"standard","meta":{"_crdt_document":"","om_disable_all_campaigns":false,"_monsterinsights_skip_tracking":false,"_monsterinsights_sitenote_active":false,"_monsterinsights_sitenote_note":"","_monsterinsights_sitenote_category":0,"_uf_show_specific_survey":0,"_uf_disable_surveys":false,"jetpack_post_was_ever_published":false,"_jetpack_newsletter_access":"","_jetpack_dont_email_post_to_subs":false,"_jetpack_newsletter_tier_id":0,"_jetpack_memberships_contains_paywalled_content":false,"_jetpack_memberships_contains_paid_content":false,"footnotes":"","jetpack_publicize_message":"","jetpack_publicize_feature_enabled":true,"jetpack_social_post_already_shared":false,"jetpack_social_options":{"image_generator_settings":{"template":"highway","default_image_id":0,"font":"","enabled":false},"version":2}},"categories":[32],"tags":[],"class_list":["post-2540","post","type-post","status-publish","format-standard","has-post-thumbnail","hentry","category-santoral"],"aioseo_notices":[],"jetpack_publicize_connections":[],"jetpack_featured_media_url":"https:\/\/i0.wp.com\/www.raulmayoral.es\/wp-content\/uploads\/2024\/07\/15-julio.png?fit=500%2C667&ssl=1","jetpack-related-posts":[],"jetpack_sharing_enabled":true,"_links":{"self":[{"href":"https:\/\/www.raulmayoral.es\/index.php\/wp-json\/wp\/v2\/posts\/2540","targetHints":{"allow":["GET"]}}],"collection":[{"href":"https:\/\/www.raulmayoral.es\/index.php\/wp-json\/wp\/v2\/posts"}],"about":[{"href":"https:\/\/www.raulmayoral.es\/index.php\/wp-json\/wp\/v2\/types\/post"}],"author":[{"embeddable":true,"href":"https:\/\/www.raulmayoral.es\/index.php\/wp-json\/wp\/v2\/users\/1"}],"replies":[{"embeddable":true,"href":"https:\/\/www.raulmayoral.es\/index.php\/wp-json\/wp\/v2\/comments?post=2540"}],"version-history":[{"count":1,"href":"https:\/\/www.raulmayoral.es\/index.php\/wp-json\/wp\/v2\/posts\/2540\/revisions"}],"predecessor-version":[{"id":2542,"href":"https:\/\/www.raulmayoral.es\/index.php\/wp-json\/wp\/v2\/posts\/2540\/revisions\/2542"}],"wp:featuredmedia":[{"embeddable":true,"href":"https:\/\/www.raulmayoral.es\/index.php\/wp-json\/wp\/v2\/media\/2541"}],"wp:attachment":[{"href":"https:\/\/www.raulmayoral.es\/index.php\/wp-json\/wp\/v2\/media?parent=2540"}],"wp:term":[{"taxonomy":"category","embeddable":true,"href":"https:\/\/www.raulmayoral.es\/index.php\/wp-json\/wp\/v2\/categories?post=2540"},{"taxonomy":"post_tag","embeddable":true,"href":"https:\/\/www.raulmayoral.es\/index.php\/wp-json\/wp\/v2\/tags?post=2540"}],"curies":[{"name":"wp","href":"https:\/\/api.w.org\/{rel}","templated":true}]}}