{"id":2543,"date":"2024-07-16T11:14:48","date_gmt":"2024-07-16T09:14:48","guid":{"rendered":"https:\/\/www.raulmayoral.es\/?p=2543"},"modified":"2024-07-16T11:14:50","modified_gmt":"2024-07-16T09:14:50","slug":"16-de-julio-santa-maria-magdalena-postel-1765-1846","status":"publish","type":"post","link":"https:\/\/www.raulmayoral.es\/index.php\/2024\/07\/16\/16-de-julio-santa-maria-magdalena-postel-1765-1846\/","title":{"rendered":"16 de julio. Santa Mar\u00eda Magdalena Postel (1765-1846)."},"content":{"rendered":"\n<p class=\"wp-block-paragraph\">Hija de un cordelero normando, <strong>Julie Postel<\/strong> era conocida como \u00abla santita\u00bb por las gentes de Barfleur impactadas por su piedad. Se educ\u00f3 con las benedictinas de Valogne, que le propusieron quedarse con ellas, pero la abad\u00eda no le pareci\u00f3 suficientemente pobre. Porque su ideal era ense\u00f1ar a ni\u00f1as que no pudiesen pagar colegio alguno, quer\u00eda recristianizar Francia partiendo de la formaci\u00f3n de mujeres, y a los dieciocho a\u00f1os se instal\u00f3 en Barfleur, en una choza, humilde origen de sus futuras escuelas para alumnas tambi\u00e9n muy humildes.<\/p>\n\n\n\n<p class=\"wp-block-paragraph\">Durante la Revoluci\u00f3n francesa se convirti\u00f3 en la \u00abvirgen-sacerdote\u00bb, pues estaba autorizada para distribuir la comuni\u00f3n, ocultaba los vasos sagrados, facilitaba lugares de culto clandestino, daba albergue a los curas fugitivos y segu\u00eda ense\u00f1ando el Catecismo en cuevas y graneros.  En 1805 fund\u00f3 en Cherburgo las Hermanas de las Escuelas Cristianas de la Merced, congregaci\u00f3n para la que adquiri\u00f3 a\u00f1os despu\u00e9s la abad\u00eda de Saint-Sauveur-le-Vicomte, cerca de Coutances, y gobern\u00f3 su orden hasta una edad muy avanzada con criterios tan espirituales y de tanta ternura maternal, que fue canonizada en 1925.<\/p>\n\n\n\n<p class=\"wp-block-paragraph\">La Hermana <strong>Mar\u00eda Magdalena<\/strong>, \u00abla santita\u00bb, que a su muerte hab\u00eda fundado treinta y siete casas, desplegando una enorme actividad a pesar del asma que sufr\u00eda y de las penitencias que sol\u00eda imponerse, fue una mujer fuerte y humilde, con la testarudez que se atribuye a los normandos, convencida de ser un pobre instrumento de <strong>Dios<\/strong> con el cual \u00c9l pod\u00eda hacer maravillas. <\/p>\n\n\n\n<p class=\"wp-block-paragraph\">Fuente: <em>La casa de los Santos. Un Santo para cada d\u00eda<\/em>. Carlos Pujol.<\/p>\n\n\n\n<p class=\"wp-block-paragraph\"><\/p>\n","protected":false},"excerpt":{"rendered":"<p>Hija de un cordelero normando, Julie Postel era conocida como \u00abla santita\u00bb por las gentes de Barfleur impactadas por su piedad. Se educ\u00f3 con las benedictinas de Valogne, que le propusieron quedarse con ellas, pero la abad\u00eda no le pareci\u00f3 suficientemente pobre. Porque su ideal era ense\u00f1ar a ni\u00f1as que no pudiesen pagar colegio alguno, [&hellip;]<\/p>\n","protected":false},"author":1,"featured_media":2544,"comment_status":"open","ping_status":"open","sticky":false,"template":"","format":"standard","meta":{"_crdt_document":"","om_disable_all_campaigns":false,"_monsterinsights_skip_tracking":false,"_monsterinsights_sitenote_active":false,"_monsterinsights_sitenote_note":"","_monsterinsights_sitenote_category":0,"_uf_show_specific_survey":0,"_uf_disable_surveys":false,"jetpack_post_was_ever_published":false,"_jetpack_newsletter_access":"","_jetpack_dont_email_post_to_subs":false,"_jetpack_newsletter_tier_id":0,"_jetpack_memberships_contains_paywalled_content":false,"_jetpack_memberships_contains_paid_content":false,"footnotes":"","jetpack_publicize_message":"","jetpack_publicize_feature_enabled":true,"jetpack_social_post_already_shared":false,"jetpack_social_options":{"image_generator_settings":{"template":"highway","default_image_id":0,"font":"","enabled":false},"version":2}},"categories":[32],"tags":[],"class_list":["post-2543","post","type-post","status-publish","format-standard","has-post-thumbnail","hentry","category-santoral"],"aioseo_notices":[],"jetpack_publicize_connections":[],"jetpack_featured_media_url":"https:\/\/i0.wp.com\/www.raulmayoral.es\/wp-content\/uploads\/2024\/07\/16-julio.jpg?fit=223%2C208&ssl=1","jetpack-related-posts":[],"jetpack_sharing_enabled":true,"_links":{"self":[{"href":"https:\/\/www.raulmayoral.es\/index.php\/wp-json\/wp\/v2\/posts\/2543","targetHints":{"allow":["GET"]}}],"collection":[{"href":"https:\/\/www.raulmayoral.es\/index.php\/wp-json\/wp\/v2\/posts"}],"about":[{"href":"https:\/\/www.raulmayoral.es\/index.php\/wp-json\/wp\/v2\/types\/post"}],"author":[{"embeddable":true,"href":"https:\/\/www.raulmayoral.es\/index.php\/wp-json\/wp\/v2\/users\/1"}],"replies":[{"embeddable":true,"href":"https:\/\/www.raulmayoral.es\/index.php\/wp-json\/wp\/v2\/comments?post=2543"}],"version-history":[{"count":1,"href":"https:\/\/www.raulmayoral.es\/index.php\/wp-json\/wp\/v2\/posts\/2543\/revisions"}],"predecessor-version":[{"id":2545,"href":"https:\/\/www.raulmayoral.es\/index.php\/wp-json\/wp\/v2\/posts\/2543\/revisions\/2545"}],"wp:featuredmedia":[{"embeddable":true,"href":"https:\/\/www.raulmayoral.es\/index.php\/wp-json\/wp\/v2\/media\/2544"}],"wp:attachment":[{"href":"https:\/\/www.raulmayoral.es\/index.php\/wp-json\/wp\/v2\/media?parent=2543"}],"wp:term":[{"taxonomy":"category","embeddable":true,"href":"https:\/\/www.raulmayoral.es\/index.php\/wp-json\/wp\/v2\/categories?post=2543"},{"taxonomy":"post_tag","embeddable":true,"href":"https:\/\/www.raulmayoral.es\/index.php\/wp-json\/wp\/v2\/tags?post=2543"}],"curies":[{"name":"wp","href":"https:\/\/api.w.org\/{rel}","templated":true}]}}