{"id":2553,"date":"2024-07-17T16:01:56","date_gmt":"2024-07-17T14:01:56","guid":{"rendered":"https:\/\/www.raulmayoral.es\/?p=2553"},"modified":"2024-07-17T16:01:58","modified_gmt":"2024-07-17T14:01:58","slug":"17-de-julio-san-alejo-siglo-v","status":"publish","type":"post","link":"https:\/\/www.raulmayoral.es\/index.php\/2024\/07\/17\/17-de-julio-san-alejo-siglo-v\/","title":{"rendered":"17 de julio. San Alejo (siglo V)."},"content":{"rendered":"\n<p class=\"wp-block-paragraph\">Era hijo \u00fanico de <strong>Eufemiano<\/strong>, opulento y caritativo senador romano. Estaba adornado con todas las gracias y virtudes. El mismo d\u00eda que se casa, <strong>Alejo<\/strong> abandona a su dulce esposa y vaga como un peregrino por tierras lejan\u00edsimas hasta recalar en Edesa, m\u00e1s all\u00e1 del Eufrates, donde vive a la manera de un piadoso mendigo junto a la bas\u00edlica del ap\u00f3stol <strong>Tom\u00e1s<\/strong>, pidiendo limosna y reparti\u00e9ndola entre los dem\u00e1s pobres.<\/p>\n\n\n\n<p class=\"wp-block-paragraph\">Diversos prodigios se\u00f1alan su presencia y le sacan del anonimato, tiene que volver a correr mundo y va a parar de nuevo a su ciudad natal, donde su padre, que le ha buscado afanosamente por todas partes, no le reconoce y le da albergue, como a un pordiosero m\u00e1s, en el hueco de la escalera principal del patrio de su casa. All\u00ed, ejemplo de paciencia y de humildad, ayun\u00f3 y rez\u00f3 entre las burlas de la servidumbre durante diecisiete a\u00f1os, al t\u00e9rmino de los cuales, al morir, se le encontr\u00f3 en la mano una carta dirigida a sus padres y a su esposa declarando al fin qui\u00e9n era.<\/p>\n\n\n\n<p class=\"wp-block-paragraph\">La historia de <strong>San Alejo<\/strong> es como una novela bizantina y desde la Edad Media, la literatura se ha ocupado complacidamente de este formidable personaje. Otro mendigo de <strong>Dios<\/strong>, en medio del esplendor de Roma, pero en su propia casa, irreconocible para los suyos, peregrino en su patria y ciudadano ya del Cielo.<\/p>\n\n\n\n<p class=\"wp-block-paragraph\">Fuente: <em>La casa de los Santos. Un Santo para cada d\u00eda<\/em>. Carlos Pujol.<\/p>\n","protected":false},"excerpt":{"rendered":"<p>Era hijo \u00fanico de Eufemiano, opulento y caritativo senador romano. Estaba adornado con todas las gracias y virtudes. El mismo d\u00eda que se casa, Alejo abandona a su dulce esposa y vaga como un peregrino por tierras lejan\u00edsimas hasta recalar en Edesa, m\u00e1s all\u00e1 del Eufrates, donde vive a la manera de un piadoso mendigo [&hellip;]<\/p>\n","protected":false},"author":1,"featured_media":2554,"comment_status":"open","ping_status":"open","sticky":false,"template":"","format":"standard","meta":{"_crdt_document":"","om_disable_all_campaigns":false,"_monsterinsights_skip_tracking":false,"_monsterinsights_sitenote_active":false,"_monsterinsights_sitenote_note":"","_monsterinsights_sitenote_category":0,"_uf_show_specific_survey":0,"_uf_disable_surveys":false,"jetpack_post_was_ever_published":false,"_jetpack_newsletter_access":"","_jetpack_dont_email_post_to_subs":false,"_jetpack_newsletter_tier_id":0,"_jetpack_memberships_contains_paywalled_content":false,"_jetpack_memberships_contains_paid_content":false,"footnotes":"","jetpack_publicize_message":"","jetpack_publicize_feature_enabled":true,"jetpack_social_post_already_shared":false,"jetpack_social_options":{"image_generator_settings":{"template":"highway","default_image_id":0,"font":"","enabled":false},"version":2}},"categories":[32],"tags":[],"class_list":["post-2553","post","type-post","status-publish","format-standard","has-post-thumbnail","hentry","category-santoral"],"aioseo_notices":[],"jetpack_publicize_connections":[],"jetpack_featured_media_url":"https:\/\/i0.wp.com\/www.raulmayoral.es\/wp-content\/uploads\/2024\/07\/17-julio.jpg?fit=720%2C961&ssl=1","jetpack-related-posts":[],"jetpack_sharing_enabled":true,"_links":{"self":[{"href":"https:\/\/www.raulmayoral.es\/index.php\/wp-json\/wp\/v2\/posts\/2553","targetHints":{"allow":["GET"]}}],"collection":[{"href":"https:\/\/www.raulmayoral.es\/index.php\/wp-json\/wp\/v2\/posts"}],"about":[{"href":"https:\/\/www.raulmayoral.es\/index.php\/wp-json\/wp\/v2\/types\/post"}],"author":[{"embeddable":true,"href":"https:\/\/www.raulmayoral.es\/index.php\/wp-json\/wp\/v2\/users\/1"}],"replies":[{"embeddable":true,"href":"https:\/\/www.raulmayoral.es\/index.php\/wp-json\/wp\/v2\/comments?post=2553"}],"version-history":[{"count":2,"href":"https:\/\/www.raulmayoral.es\/index.php\/wp-json\/wp\/v2\/posts\/2553\/revisions"}],"predecessor-version":[{"id":2556,"href":"https:\/\/www.raulmayoral.es\/index.php\/wp-json\/wp\/v2\/posts\/2553\/revisions\/2556"}],"wp:featuredmedia":[{"embeddable":true,"href":"https:\/\/www.raulmayoral.es\/index.php\/wp-json\/wp\/v2\/media\/2554"}],"wp:attachment":[{"href":"https:\/\/www.raulmayoral.es\/index.php\/wp-json\/wp\/v2\/media?parent=2553"}],"wp:term":[{"taxonomy":"category","embeddable":true,"href":"https:\/\/www.raulmayoral.es\/index.php\/wp-json\/wp\/v2\/categories?post=2553"},{"taxonomy":"post_tag","embeddable":true,"href":"https:\/\/www.raulmayoral.es\/index.php\/wp-json\/wp\/v2\/tags?post=2553"}],"curies":[{"name":"wp","href":"https:\/\/api.w.org\/{rel}","templated":true}]}}