{"id":2562,"date":"2024-07-19T18:27:14","date_gmt":"2024-07-19T16:27:14","guid":{"rendered":"https:\/\/www.raulmayoral.es\/?p=2562"},"modified":"2024-07-19T18:27:16","modified_gmt":"2024-07-19T16:27:16","slug":"19-de-julio-santas-justa-y-rufina-287","status":"publish","type":"post","link":"https:\/\/www.raulmayoral.es\/index.php\/2024\/07\/19\/19-de-julio-santas-justa-y-rufina-287\/","title":{"rendered":"19 de julio. Santas Justa y Rufina (&#8230; &#8211; 287)"},"content":{"rendered":"\n<p class=\"wp-block-paragraph\">Eran hermanas, hijas de un alfarero que viv\u00eda en la Trajana de entonces, la Triana actual. Su padre era gentil pero ellas hab\u00edan abrazado el cristianismo, de forma discreta para evitar conflictos familiares y alborotos en la vecindad. Cierto d\u00eda entr\u00f3 en su tienda un hombre pidiendo donativos para el \u00eddolo que llevaba. En ese momento, la discreci\u00f3n puede convertirse en traici\u00f3n.<strong> Justa <\/strong>y <strong>Rufina<\/strong> se niegan rotundamente a participar en la idolatr\u00eda, declarando que adoran a un <strong>Dios<\/strong> que \u00abno es semejante al oro o a la plata o a la piedra\u00bb (<strong>San Pablo<\/strong> dixit), \u00abobra de arte o del ingenio humano\u00bb.<\/p>\n\n\n\n<p class=\"wp-block-paragraph\">Criadas en un alfar, \u00bfqui\u00e9n va a saber mejor que ellas lo que vale y lo que significa un objeto, lo que han visto salir del barro informe y sucio, aunque luego se venere? Les rompen todas sus vasijas, ellas a su vez destrozan al \u00eddolo, y el esc\u00e1ndalo, el sacrilegio de pulverizar lo que el mundo adora hace que se las conduzca a presencia de <strong>Diogeciano<\/strong>, gobernador de la ciudad.  Al negarse a renegar de su fe, se las atormenta, se las obliga a andar descalzas por los caminos y acaban en una mazmorra donde Justa muere. Rufina ser\u00e1 arrojada a las fieras, que se amansan prodigiosamente a sus pies, y por fin la decapitan y queman sus restos. <\/p>\n\n\n\n<p class=\"wp-block-paragraph\">Un poeta andaluz cant\u00f3:<\/p>\n\n\n\n<p class=\"wp-block-paragraph\">     It\u00e1licas y alfareras<\/p>\n\n\n\n<p class=\"wp-block-paragraph\">     nimbadas de luz la sien<\/p>\n\n\n\n<p class=\"wp-block-paragraph\">     con la palma entre las manos<\/p>\n\n\n\n<p class=\"wp-block-paragraph\">     con el le\u00f3n a los pies.<\/p>\n\n\n\n<p class=\"wp-block-paragraph\">Y el pintor <strong>Murillo<\/strong> las inmortaliz\u00f3 en un lienzo como patronas de Sevilla rodeadas de cacharrer\u00eda y sosteniendo las dos, anacronismo delicioso en el que casi no reparamos, nada menos que la Giralda. El recuerdo de estas santas alfareras sigue vivo en Sevilla y en El Puente del Arzobispo.<\/p>\n\n\n\n<p class=\"wp-block-paragraph\">Fuente: <em>La casa de los Santos. Un Santo para cada d\u00eda.<\/em> Carlos Pujol.<\/p>\n\n\n\n<figure class=\"wp-block-image size-full\"><img data-recalc-dims=\"1\" loading=\"lazy\" decoding=\"async\" width=\"625\" height=\"625\" src=\"https:\/\/i0.wp.com\/www.raulmayoral.es\/wp-content\/uploads\/2024\/07\/PIDELO-YA-EN-AMAZON-1.jpg?resize=625%2C625&#038;ssl=1\" alt=\"\" class=\"wp-image-2563\" srcset=\"https:\/\/i0.wp.com\/www.raulmayoral.es\/wp-content\/uploads\/2024\/07\/PIDELO-YA-EN-AMAZON-1.jpg?w=800&amp;ssl=1 800w, https:\/\/i0.wp.com\/www.raulmayoral.es\/wp-content\/uploads\/2024\/07\/PIDELO-YA-EN-AMAZON-1.jpg?resize=300%2C300&amp;ssl=1 300w, https:\/\/i0.wp.com\/www.raulmayoral.es\/wp-content\/uploads\/2024\/07\/PIDELO-YA-EN-AMAZON-1.jpg?resize=150%2C150&amp;ssl=1 150w, https:\/\/i0.wp.com\/www.raulmayoral.es\/wp-content\/uploads\/2024\/07\/PIDELO-YA-EN-AMAZON-1.jpg?resize=768%2C768&amp;ssl=1 768w, https:\/\/i0.wp.com\/www.raulmayoral.es\/wp-content\/uploads\/2024\/07\/PIDELO-YA-EN-AMAZON-1.jpg?resize=624%2C624&amp;ssl=1 624w\" sizes=\"auto, (max-width: 625px) 100vw, 625px\" \/><\/figure>\n\n\n\n<p class=\"wp-block-paragraph\"><\/p>\n","protected":false},"excerpt":{"rendered":"<p>Eran hermanas, hijas de un alfarero que viv\u00eda en la Trajana de entonces, la Triana actual. Su padre era gentil pero ellas hab\u00edan abrazado el cristianismo, de forma discreta para evitar conflictos familiares y alborotos en la vecindad. Cierto d\u00eda entr\u00f3 en su tienda un hombre pidiendo donativos para el \u00eddolo que llevaba. En ese [&hellip;]<\/p>\n","protected":false},"author":1,"featured_media":2564,"comment_status":"open","ping_status":"open","sticky":false,"template":"","format":"standard","meta":{"_crdt_document":"","om_disable_all_campaigns":false,"_monsterinsights_skip_tracking":false,"_monsterinsights_sitenote_active":false,"_monsterinsights_sitenote_note":"","_monsterinsights_sitenote_category":0,"_uf_show_specific_survey":0,"_uf_disable_surveys":false,"jetpack_post_was_ever_published":false,"_jetpack_newsletter_access":"","_jetpack_dont_email_post_to_subs":false,"_jetpack_newsletter_tier_id":0,"_jetpack_memberships_contains_paywalled_content":false,"_jetpack_memberships_contains_paid_content":false,"footnotes":"","jetpack_publicize_message":"","jetpack_publicize_feature_enabled":true,"jetpack_social_post_already_shared":false,"jetpack_social_options":{"image_generator_settings":{"template":"highway","default_image_id":0,"font":"","enabled":false},"version":2}},"categories":[32],"tags":[],"class_list":["post-2562","post","type-post","status-publish","format-standard","has-post-thumbnail","hentry","category-santoral"],"aioseo_notices":[],"jetpack_publicize_connections":[],"jetpack_featured_media_url":"https:\/\/i0.wp.com\/www.raulmayoral.es\/wp-content\/uploads\/2024\/07\/19-julio.jpg?fit=1000%2C1127&ssl=1","jetpack-related-posts":[],"jetpack_sharing_enabled":true,"_links":{"self":[{"href":"https:\/\/www.raulmayoral.es\/index.php\/wp-json\/wp\/v2\/posts\/2562","targetHints":{"allow":["GET"]}}],"collection":[{"href":"https:\/\/www.raulmayoral.es\/index.php\/wp-json\/wp\/v2\/posts"}],"about":[{"href":"https:\/\/www.raulmayoral.es\/index.php\/wp-json\/wp\/v2\/types\/post"}],"author":[{"embeddable":true,"href":"https:\/\/www.raulmayoral.es\/index.php\/wp-json\/wp\/v2\/users\/1"}],"replies":[{"embeddable":true,"href":"https:\/\/www.raulmayoral.es\/index.php\/wp-json\/wp\/v2\/comments?post=2562"}],"version-history":[{"count":1,"href":"https:\/\/www.raulmayoral.es\/index.php\/wp-json\/wp\/v2\/posts\/2562\/revisions"}],"predecessor-version":[{"id":2565,"href":"https:\/\/www.raulmayoral.es\/index.php\/wp-json\/wp\/v2\/posts\/2562\/revisions\/2565"}],"wp:featuredmedia":[{"embeddable":true,"href":"https:\/\/www.raulmayoral.es\/index.php\/wp-json\/wp\/v2\/media\/2564"}],"wp:attachment":[{"href":"https:\/\/www.raulmayoral.es\/index.php\/wp-json\/wp\/v2\/media?parent=2562"}],"wp:term":[{"taxonomy":"category","embeddable":true,"href":"https:\/\/www.raulmayoral.es\/index.php\/wp-json\/wp\/v2\/categories?post=2562"},{"taxonomy":"post_tag","embeddable":true,"href":"https:\/\/www.raulmayoral.es\/index.php\/wp-json\/wp\/v2\/tags?post=2562"}],"curies":[{"name":"wp","href":"https:\/\/api.w.org\/{rel}","templated":true}]}}