{"id":2567,"date":"2024-07-21T13:20:17","date_gmt":"2024-07-21T11:20:17","guid":{"rendered":"https:\/\/www.raulmayoral.es\/?p=2567"},"modified":"2024-07-21T13:20:56","modified_gmt":"2024-07-21T11:20:56","slug":"20-de-julio-san-elias-siglo-ix-a-de-c","status":"publish","type":"post","link":"https:\/\/www.raulmayoral.es\/index.php\/2024\/07\/21\/20-de-julio-san-elias-siglo-ix-a-de-c\/","title":{"rendered":"20 de julio. San El\u00edas (siglo IX a. de C.)"},"content":{"rendered":"\n<p class=\"wp-block-paragraph\">Conocido como \u00abPr\u00edncipe de los profetas\u00bb, \u00absol de Israel\u00bb, <strong>El\u00edas<\/strong> es originario de Tisb\u00e9, al otro lado del Jord\u00e1n. Int\u00e9rprete de la voluntad de <strong>Dios<\/strong> , instrumento de milagros, juez y reformador de su pueblo, maestro de la soledad, suyo es el privilegio excepcional de no morir, sino de ser arrebatado a las alturas por un carro de fuego.<\/p>\n\n\n\n<p class=\"wp-block-paragraph\">Se ocult\u00f3 durante la persecuci\u00f3n de la fenicia <strong>Jezabel<\/strong>, esposa del rey <strong>Ajab<\/strong>, que favorec\u00eda la idolatr\u00eda; y cuando Dios como castigo neg\u00f3 el agua a aquella tierra infiel, El\u00edas compiti\u00f3 con los profetas de Baal en el Monte Carmelo; despu\u00e9s de dejar que \u00e9stos fracasaran en sus intentos de atraer el fuego celestial para un sacrificio, la oraci\u00f3n del santo hizo que descendiera milagrosamente el fuego de <strong>Yav\u00e9<\/strong>.<\/p>\n\n\n\n<p class=\"wp-block-paragraph\">Los elementos de la naturaleza le sirven dialogan con \u00e9l: primero es el fuego en el Monte Carmelo, luego la respuesta de Dios consiste en lluvia que pone fin a la sequ\u00eda, y cuando ha de refugiarse en el Monte Horeb, perseguido por la infame reina, espera la voz de Dios, que no descubre ni en el viento impetuoso ni en el terremoto ni en el fuego, sino en la suave brisa. Dios evita los clamores para hablar a su elegido en un murmullo \u00edntimamente. Al final, transmite sus poderes a <strong>Eliseo <\/strong>y mientras habla con su disc\u00edpulo \u00abhe aqu\u00ed que un carro de fuego con caballos \u00edgneos separa a uno de otro, y San El\u00edas sube al cielo en el torbellino\u00bb. Este incombustible profeta de llama volver\u00e1 a aparecer en Transfiguraci\u00f3n del Monte Tabor, junto a <strong>Mois\u00e9s<\/strong>, hablando familiarmente con <strong>Cristo<\/strong>.<\/p>\n\n\n\n<p class=\"wp-block-paragraph\">Fuente.<em> La casa de los Santos. Un Santo para cada d\u00eda<\/em>. Carlos Pujol.<\/p>\n\n\n\n<p class=\"wp-block-paragraph\"><\/p>\n","protected":false},"excerpt":{"rendered":"<p>Conocido como \u00abPr\u00edncipe de los profetas\u00bb, \u00absol de Israel\u00bb, El\u00edas es originario de Tisb\u00e9, al otro lado del Jord\u00e1n. Int\u00e9rprete de la voluntad de Dios , instrumento de milagros, juez y reformador de su pueblo, maestro de la soledad, suyo es el privilegio excepcional de no morir, sino de ser arrebatado a las alturas por [&hellip;]<\/p>\n","protected":false},"author":1,"featured_media":2568,"comment_status":"open","ping_status":"open","sticky":false,"template":"","format":"standard","meta":{"_crdt_document":"","om_disable_all_campaigns":false,"_monsterinsights_skip_tracking":false,"_monsterinsights_sitenote_active":false,"_monsterinsights_sitenote_note":"","_monsterinsights_sitenote_category":0,"_uf_show_specific_survey":0,"_uf_disable_surveys":false,"jetpack_post_was_ever_published":false,"_jetpack_newsletter_access":"","_jetpack_dont_email_post_to_subs":false,"_jetpack_newsletter_tier_id":0,"_jetpack_memberships_contains_paywalled_content":false,"_jetpack_memberships_contains_paid_content":false,"footnotes":"","jetpack_publicize_message":"","jetpack_publicize_feature_enabled":true,"jetpack_social_post_already_shared":false,"jetpack_social_options":{"image_generator_settings":{"template":"highway","default_image_id":0,"font":"","enabled":false},"version":2}},"categories":[32],"tags":[],"class_list":["post-2567","post","type-post","status-publish","format-standard","has-post-thumbnail","hentry","category-santoral"],"aioseo_notices":[],"jetpack_publicize_connections":[],"jetpack_featured_media_url":"https:\/\/i0.wp.com\/www.raulmayoral.es\/wp-content\/uploads\/2024\/07\/20-julio.jpg?fit=900%2C600&ssl=1","jetpack-related-posts":[],"jetpack_sharing_enabled":true,"_links":{"self":[{"href":"https:\/\/www.raulmayoral.es\/index.php\/wp-json\/wp\/v2\/posts\/2567","targetHints":{"allow":["GET"]}}],"collection":[{"href":"https:\/\/www.raulmayoral.es\/index.php\/wp-json\/wp\/v2\/posts"}],"about":[{"href":"https:\/\/www.raulmayoral.es\/index.php\/wp-json\/wp\/v2\/types\/post"}],"author":[{"embeddable":true,"href":"https:\/\/www.raulmayoral.es\/index.php\/wp-json\/wp\/v2\/users\/1"}],"replies":[{"embeddable":true,"href":"https:\/\/www.raulmayoral.es\/index.php\/wp-json\/wp\/v2\/comments?post=2567"}],"version-history":[{"count":2,"href":"https:\/\/www.raulmayoral.es\/index.php\/wp-json\/wp\/v2\/posts\/2567\/revisions"}],"predecessor-version":[{"id":2570,"href":"https:\/\/www.raulmayoral.es\/index.php\/wp-json\/wp\/v2\/posts\/2567\/revisions\/2570"}],"wp:featuredmedia":[{"embeddable":true,"href":"https:\/\/www.raulmayoral.es\/index.php\/wp-json\/wp\/v2\/media\/2568"}],"wp:attachment":[{"href":"https:\/\/www.raulmayoral.es\/index.php\/wp-json\/wp\/v2\/media?parent=2567"}],"wp:term":[{"taxonomy":"category","embeddable":true,"href":"https:\/\/www.raulmayoral.es\/index.php\/wp-json\/wp\/v2\/categories?post=2567"},{"taxonomy":"post_tag","embeddable":true,"href":"https:\/\/www.raulmayoral.es\/index.php\/wp-json\/wp\/v2\/tags?post=2567"}],"curies":[{"name":"wp","href":"https:\/\/api.w.org\/{rel}","templated":true}]}}