{"id":2571,"date":"2024-07-21T14:02:51","date_gmt":"2024-07-21T12:02:51","guid":{"rendered":"https:\/\/www.raulmayoral.es\/?p=2571"},"modified":"2024-07-21T14:02:52","modified_gmt":"2024-07-21T12:02:52","slug":"21-de-julio-san-lorenzo-de-brindis-1559-1619","status":"publish","type":"post","link":"https:\/\/www.raulmayoral.es\/index.php\/2024\/07\/21\/21-de-julio-san-lorenzo-de-brindis-1559-1619\/","title":{"rendered":"21 de julio. San Lorenzo de Brindis (1559-1619)"},"content":{"rendered":"\n<p class=\"wp-block-paragraph\">Natural de Brindis, en el tac\u00f3n de la bota italiana, <strong>Cesare de Rossi<\/strong> se cri\u00f3 en Venecia, lugar m\u00e1s seguro que su ciudad natal, amenazada por los turcos. A los diecis\u00e9is a\u00f1os se hizo capuchino adoptando el nombre de <strong>Lorenzo<\/strong>, y estudi\u00f3 en la Universidad de Padua, donde adquiri\u00f3 un profundo saber b\u00edblico.  Ocup\u00f3 altos cargos en su orden, pero se le conoc\u00eda sobre todo como predicador, dedic\u00e1ndose de manera especial a la conversi\u00f3n de jud\u00edos; su ciencia, su poliglotismo y su fuerte personalidad le hicieron desempe\u00f1ar importantes misiones evangelizadoras, pol\u00edticas y diplom\u00e1ticas. <\/p>\n\n\n\n<p class=\"wp-block-paragraph\">En 1599 pas\u00f3 a Austria, donde fund\u00f3 los conventos de Viena, Praga y Gratz, distingui\u00e9ndose por su labor entre los luteranos, y a\u00f1os despu\u00e9s le encontraremos en Alemania, Espa\u00f1a y Portugal (muri\u00f3 en Lisboa) infatigable y persuasivo como un embajador, valiente como un guerrero y sencillo y humilde como un fraile. La Historia le recuerda principalmente por el episodio b\u00e9lico de 1601, cuando durante la guerra contra los turcos en Hungr\u00eda desempe\u00f1\u00f3 un papel semejante al de <strong>San Juan de Capistrano<\/strong>, arengando a las tropas, aconsejando a los generales y conduciendo el ej\u00e9rcito cristiano a la batalla sin m\u00e1s arma que un crucifijo.<\/p>\n\n\n\n<p class=\"wp-block-paragraph\"><strong>San Lorenzo<\/strong>, que desde 1959 es Doctor de la Iglesia, puede parecer desconcertante en su mezcla de esp\u00edritu evang\u00e9lico y actuaci\u00f3n pol\u00edtica; no se conforma con llevar almas a <strong>Dios<\/strong>, tambi\u00e9n quisiera mejorar un poco el mundo, y es posible que este \u00faltimo ideal sea la corona de su gloria. <\/p>\n\n\n\n<p class=\"wp-block-paragraph\">Fuente: <em>La casa de los Santos. Un Santo para cada d\u00eda<\/em>. Carlos Pujol.<\/p>\n","protected":false},"excerpt":{"rendered":"<p>Natural de Brindis, en el tac\u00f3n de la bota italiana, Cesare de Rossi se cri\u00f3 en Venecia, lugar m\u00e1s seguro que su ciudad natal, amenazada por los turcos. A los diecis\u00e9is a\u00f1os se hizo capuchino adoptando el nombre de Lorenzo, y estudi\u00f3 en la Universidad de Padua, donde adquiri\u00f3 un profundo saber b\u00edblico. Ocup\u00f3 altos [&hellip;]<\/p>\n","protected":false},"author":1,"featured_media":2572,"comment_status":"open","ping_status":"open","sticky":false,"template":"","format":"standard","meta":{"_crdt_document":"","om_disable_all_campaigns":false,"_monsterinsights_skip_tracking":false,"_monsterinsights_sitenote_active":false,"_monsterinsights_sitenote_note":"","_monsterinsights_sitenote_category":0,"_uf_show_specific_survey":0,"_uf_disable_surveys":false,"jetpack_post_was_ever_published":false,"_jetpack_newsletter_access":"","_jetpack_dont_email_post_to_subs":false,"_jetpack_newsletter_tier_id":0,"_jetpack_memberships_contains_paywalled_content":false,"_jetpack_memberships_contains_paid_content":false,"footnotes":"","jetpack_publicize_message":"","jetpack_publicize_feature_enabled":true,"jetpack_social_post_already_shared":false,"jetpack_social_options":{"image_generator_settings":{"template":"highway","default_image_id":0,"font":"","enabled":false},"version":2}},"categories":[32],"tags":[],"class_list":["post-2571","post","type-post","status-publish","format-standard","has-post-thumbnail","hentry","category-santoral"],"aioseo_notices":[],"jetpack_publicize_connections":[],"jetpack_featured_media_url":"https:\/\/i0.wp.com\/www.raulmayoral.es\/wp-content\/uploads\/2024\/07\/21-julio.jpg?fit=384%2C216&ssl=1","jetpack-related-posts":[],"jetpack_sharing_enabled":true,"_links":{"self":[{"href":"https:\/\/www.raulmayoral.es\/index.php\/wp-json\/wp\/v2\/posts\/2571","targetHints":{"allow":["GET"]}}],"collection":[{"href":"https:\/\/www.raulmayoral.es\/index.php\/wp-json\/wp\/v2\/posts"}],"about":[{"href":"https:\/\/www.raulmayoral.es\/index.php\/wp-json\/wp\/v2\/types\/post"}],"author":[{"embeddable":true,"href":"https:\/\/www.raulmayoral.es\/index.php\/wp-json\/wp\/v2\/users\/1"}],"replies":[{"embeddable":true,"href":"https:\/\/www.raulmayoral.es\/index.php\/wp-json\/wp\/v2\/comments?post=2571"}],"version-history":[{"count":1,"href":"https:\/\/www.raulmayoral.es\/index.php\/wp-json\/wp\/v2\/posts\/2571\/revisions"}],"predecessor-version":[{"id":2573,"href":"https:\/\/www.raulmayoral.es\/index.php\/wp-json\/wp\/v2\/posts\/2571\/revisions\/2573"}],"wp:featuredmedia":[{"embeddable":true,"href":"https:\/\/www.raulmayoral.es\/index.php\/wp-json\/wp\/v2\/media\/2572"}],"wp:attachment":[{"href":"https:\/\/www.raulmayoral.es\/index.php\/wp-json\/wp\/v2\/media?parent=2571"}],"wp:term":[{"taxonomy":"category","embeddable":true,"href":"https:\/\/www.raulmayoral.es\/index.php\/wp-json\/wp\/v2\/categories?post=2571"},{"taxonomy":"post_tag","embeddable":true,"href":"https:\/\/www.raulmayoral.es\/index.php\/wp-json\/wp\/v2\/tags?post=2571"}],"curies":[{"name":"wp","href":"https:\/\/api.w.org\/{rel}","templated":true}]}}