{"id":2623,"date":"2024-08-01T13:54:06","date_gmt":"2024-08-01T11:54:06","guid":{"rendered":"https:\/\/www.raulmayoral.es\/?p=2623"},"modified":"2024-08-01T13:54:39","modified_gmt":"2024-08-01T11:54:39","slug":"1-de-agosto-san-alfonso-maria-de-ligorio-1696-1787","status":"publish","type":"post","link":"https:\/\/www.raulmayoral.es\/index.php\/2024\/08\/01\/1-de-agosto-san-alfonso-maria-de-ligorio-1696-1787\/","title":{"rendered":"1 de agosto. San Alfonso Mar\u00eda de Ligorio (1696-1787)"},"content":{"rendered":"\n<p class=\"wp-block-paragraph\">Reto\u00f1o de nobles napolitanos con larga y fecunda vida en la que fue abogado brillante, sacerdote, fundador, misionero, m\u00fasico, poeta, obispo, un poco arquitecto, gran predicador, penitente, y todo ello en el siglo de <strong>Voltaire<\/strong>; fue tambi\u00e9n te\u00f3logo de la Virgen en medio de los equ\u00edvocos de un Iglesia janseanizada, y el campe\u00f3n de la misericordia de <strong>Dios<\/strong>. Muri\u00f3 nonagenario tras una larga tarea dedicada a reparar, a rehacer y reconstruir todo lo que la Ilustraci\u00f3n y el janseanismo estaban socavando.<\/p>\n\n\n\n<p class=\"wp-block-paragraph\"><strong>Alfonso Mar\u00eda<\/strong> fue un santo tenaz y resistente que acude a cerrar todas las brechas que abre en la casa un tiempo descristianizado y sin Dios. Autor de un tratado de teolog\u00eda moral, gu\u00eda duradera e insustituible durante much\u00edsimos a\u00f1os, apoyo de los inseguros, faro de los atormentados por luchas oscuras. No obstante, al final de su vida, \u00e9l fue probado precisamente en ese terreno en el que era maestro. Pas\u00f3 a\u00f1os terribles de aridez y tiniebla espiritual en los que de poco le vali\u00f3 su sabidur\u00eda.<\/p>\n\n\n\n<p class=\"wp-block-paragraph\">El que hab\u00eda fijado los criterios de la conciencia, el que iluminaba con la fe, pierde as\u00ed el norte y vive el desamparo. El gran te\u00f3logo moral no acierta a orientarse a s\u00ed mismo. Pero la lecci\u00f3n que saca <strong>San Alfonso Mar\u00eda<\/strong> es la de que nadie ha de enorgullecerse de saber mucho de Dios y de las almas, recordando que su negocio mayor es personal y fr\u00e1gil, que no depende del saber, sino del vivir.<\/p>\n\n\n\n<p class=\"wp-block-paragraph\">Fuente: <em>La casa de los Santos. Un Santo para cada d\u00eda<\/em>. Carlos Pujol.  <\/p>\n","protected":false},"excerpt":{"rendered":"<p>Reto\u00f1o de nobles napolitanos con larga y fecunda vida en la que fue abogado brillante, sacerdote, fundador, misionero, m\u00fasico, poeta, obispo, un poco arquitecto, gran predicador, penitente, y todo ello en el siglo de Voltaire; fue tambi\u00e9n te\u00f3logo de la Virgen en medio de los equ\u00edvocos de un Iglesia janseanizada, y el campe\u00f3n de la [&hellip;]<\/p>\n","protected":false},"author":1,"featured_media":2625,"comment_status":"open","ping_status":"open","sticky":false,"template":"","format":"standard","meta":{"_crdt_document":"","om_disable_all_campaigns":false,"_monsterinsights_skip_tracking":false,"_monsterinsights_sitenote_active":false,"_monsterinsights_sitenote_note":"","_monsterinsights_sitenote_category":0,"_uf_show_specific_survey":0,"_uf_disable_surveys":false,"jetpack_post_was_ever_published":false,"_jetpack_newsletter_access":"","_jetpack_dont_email_post_to_subs":false,"_jetpack_newsletter_tier_id":0,"_jetpack_memberships_contains_paywalled_content":false,"_jetpack_memberships_contains_paid_content":false,"footnotes":"","jetpack_publicize_message":"","jetpack_publicize_feature_enabled":true,"jetpack_social_post_already_shared":false,"jetpack_social_options":{"image_generator_settings":{"template":"highway","default_image_id":0,"font":"","enabled":false},"version":2}},"categories":[32],"tags":[],"class_list":["post-2623","post","type-post","status-publish","format-standard","has-post-thumbnail","hentry","category-santoral"],"aioseo_notices":[],"jetpack_publicize_connections":[],"jetpack_featured_media_url":"https:\/\/i0.wp.com\/www.raulmayoral.es\/wp-content\/uploads\/2024\/08\/1-agosto-bis-1.jpg?fit=414%2C276&ssl=1","jetpack-related-posts":[],"jetpack_sharing_enabled":true,"_links":{"self":[{"href":"https:\/\/www.raulmayoral.es\/index.php\/wp-json\/wp\/v2\/posts\/2623","targetHints":{"allow":["GET"]}}],"collection":[{"href":"https:\/\/www.raulmayoral.es\/index.php\/wp-json\/wp\/v2\/posts"}],"about":[{"href":"https:\/\/www.raulmayoral.es\/index.php\/wp-json\/wp\/v2\/types\/post"}],"author":[{"embeddable":true,"href":"https:\/\/www.raulmayoral.es\/index.php\/wp-json\/wp\/v2\/users\/1"}],"replies":[{"embeddable":true,"href":"https:\/\/www.raulmayoral.es\/index.php\/wp-json\/wp\/v2\/comments?post=2623"}],"version-history":[{"count":1,"href":"https:\/\/www.raulmayoral.es\/index.php\/wp-json\/wp\/v2\/posts\/2623\/revisions"}],"predecessor-version":[{"id":2626,"href":"https:\/\/www.raulmayoral.es\/index.php\/wp-json\/wp\/v2\/posts\/2623\/revisions\/2626"}],"wp:featuredmedia":[{"embeddable":true,"href":"https:\/\/www.raulmayoral.es\/index.php\/wp-json\/wp\/v2\/media\/2625"}],"wp:attachment":[{"href":"https:\/\/www.raulmayoral.es\/index.php\/wp-json\/wp\/v2\/media?parent=2623"}],"wp:term":[{"taxonomy":"category","embeddable":true,"href":"https:\/\/www.raulmayoral.es\/index.php\/wp-json\/wp\/v2\/categories?post=2623"},{"taxonomy":"post_tag","embeddable":true,"href":"https:\/\/www.raulmayoral.es\/index.php\/wp-json\/wp\/v2\/tags?post=2623"}],"curies":[{"name":"wp","href":"https:\/\/api.w.org\/{rel}","templated":true}]}}