{"id":2628,"date":"2024-08-02T19:32:26","date_gmt":"2024-08-02T17:32:26","guid":{"rendered":"https:\/\/www.raulmayoral.es\/?p=2628"},"modified":"2024-08-02T19:32:28","modified_gmt":"2024-08-02T17:32:28","slug":"2-de-agosto-san-eusebio-de-vercelli-371","status":"publish","type":"post","link":"https:\/\/www.raulmayoral.es\/index.php\/2024\/08\/02\/2-de-agosto-san-eusebio-de-vercelli-371\/","title":{"rendered":"2 de agosto. San Eusebio de Vercelli (&#8230;-371)"},"content":{"rendered":"\n<p class=\"wp-block-paragraph\">Sardo de nacimiento, <strong>Eusebio<\/strong> vivi\u00f3 en Roma, se orden\u00f3 sacerdote y por sus virtudes se le nombr\u00f3 obispo de Vercelli, en el Piamonte, di\u00f3cesis en la que fue, adem\u00e1s de pastor y organizador, algo parecido a un abad para con sus cl\u00e9rigos, que viv\u00edan bajo su direcci\u00f3n en una especie de comunidad mon\u00e1stica.<\/p>\n\n\n\n<p class=\"wp-block-paragraph\">El arrianismo, que hab\u00eda sido condenado en Nicea, rebrot\u00f3 fort\u00edsimamente con la ayudad del emperador <strong>Constancio<\/strong>, a quien se atribuye la famosa frase cesaropapista de \u00abel canon es mi voluntad\u00bb. En el s\u00ednodo de Mil\u00e1n de 335 <strong>San Eusebio<\/strong> se opuso a las pretensiones her\u00e9ticas de Constancio y  fue desterrado. Vivi\u00f3 en Palestina, Capadocia y Egipto sufriendo humillaciones y malos tratos. Por fin, a la muerte del emperador pudo volver con su grey. <\/p>\n\n\n\n<p class=\"wp-block-paragraph\">De nuevo en Italia, junto con <strong>Hilario de Potiers<\/strong>, sigui\u00f3 combatiendo con toda energ\u00eda el arrianismo pero con cordura y caridad, demostrando que el destierro no le hab\u00eda hecho fan\u00e1tico. La intransigente defensa de la verdad era conciliable con el af\u00e1n de concordia y respeto a los dem\u00e1s. Nunca quiso ser un hombre de bander\u00edas, sino que s\u00f3lo quiso ser un hombre de Dios. Su bando era la ortodoxia y su pol\u00edtica el amor fraterno. Este santo merece que se le recuerde como ejemplo de conducta episcopal no siempre imitada.<\/p>\n\n\n\n<p class=\"wp-block-paragraph\">Fuente: <em>La casa de los Santos. Un Santo para cada d\u00eda<\/em>. Carlos Pujol.<\/p>\n","protected":false},"excerpt":{"rendered":"<p>Sardo de nacimiento, Eusebio vivi\u00f3 en Roma, se orden\u00f3 sacerdote y por sus virtudes se le nombr\u00f3 obispo de Vercelli, en el Piamonte, di\u00f3cesis en la que fue, adem\u00e1s de pastor y organizador, algo parecido a un abad para con sus cl\u00e9rigos, que viv\u00edan bajo su direcci\u00f3n en una especie de comunidad mon\u00e1stica. El arrianismo, [&hellip;]<\/p>\n","protected":false},"author":1,"featured_media":2629,"comment_status":"open","ping_status":"open","sticky":false,"template":"","format":"standard","meta":{"_crdt_document":"","om_disable_all_campaigns":false,"_monsterinsights_skip_tracking":false,"_monsterinsights_sitenote_active":false,"_monsterinsights_sitenote_note":"","_monsterinsights_sitenote_category":0,"_uf_show_specific_survey":0,"_uf_disable_surveys":false,"jetpack_post_was_ever_published":false,"_jetpack_newsletter_access":"","_jetpack_dont_email_post_to_subs":false,"_jetpack_newsletter_tier_id":0,"_jetpack_memberships_contains_paywalled_content":false,"_jetpack_memberships_contains_paid_content":false,"footnotes":"","jetpack_publicize_message":"","jetpack_publicize_feature_enabled":true,"jetpack_social_post_already_shared":false,"jetpack_social_options":{"image_generator_settings":{"template":"highway","default_image_id":0,"font":"","enabled":false},"version":2}},"categories":[32],"tags":[],"class_list":["post-2628","post","type-post","status-publish","format-standard","has-post-thumbnail","hentry","category-santoral"],"aioseo_notices":[],"jetpack_publicize_connections":[],"jetpack_featured_media_url":"https:\/\/i0.wp.com\/www.raulmayoral.es\/wp-content\/uploads\/2024\/08\/2-agosto.jpg?fit=690%2C504&ssl=1","jetpack-related-posts":[],"jetpack_sharing_enabled":true,"_links":{"self":[{"href":"https:\/\/www.raulmayoral.es\/index.php\/wp-json\/wp\/v2\/posts\/2628","targetHints":{"allow":["GET"]}}],"collection":[{"href":"https:\/\/www.raulmayoral.es\/index.php\/wp-json\/wp\/v2\/posts"}],"about":[{"href":"https:\/\/www.raulmayoral.es\/index.php\/wp-json\/wp\/v2\/types\/post"}],"author":[{"embeddable":true,"href":"https:\/\/www.raulmayoral.es\/index.php\/wp-json\/wp\/v2\/users\/1"}],"replies":[{"embeddable":true,"href":"https:\/\/www.raulmayoral.es\/index.php\/wp-json\/wp\/v2\/comments?post=2628"}],"version-history":[{"count":1,"href":"https:\/\/www.raulmayoral.es\/index.php\/wp-json\/wp\/v2\/posts\/2628\/revisions"}],"predecessor-version":[{"id":2630,"href":"https:\/\/www.raulmayoral.es\/index.php\/wp-json\/wp\/v2\/posts\/2628\/revisions\/2630"}],"wp:featuredmedia":[{"embeddable":true,"href":"https:\/\/www.raulmayoral.es\/index.php\/wp-json\/wp\/v2\/media\/2629"}],"wp:attachment":[{"href":"https:\/\/www.raulmayoral.es\/index.php\/wp-json\/wp\/v2\/media?parent=2628"}],"wp:term":[{"taxonomy":"category","embeddable":true,"href":"https:\/\/www.raulmayoral.es\/index.php\/wp-json\/wp\/v2\/categories?post=2628"},{"taxonomy":"post_tag","embeddable":true,"href":"https:\/\/www.raulmayoral.es\/index.php\/wp-json\/wp\/v2\/tags?post=2628"}],"curies":[{"name":"wp","href":"https:\/\/api.w.org\/{rel}","templated":true}]}}