{"id":2637,"date":"2024-08-03T20:25:52","date_gmt":"2024-08-03T18:25:52","guid":{"rendered":"https:\/\/www.raulmayoral.es\/?p=2637"},"modified":"2024-08-03T20:27:36","modified_gmt":"2024-08-03T18:27:36","slug":"3-de-agosto-san-pedro-julian-eymard-1811-1868","status":"publish","type":"post","link":"https:\/\/www.raulmayoral.es\/index.php\/2024\/08\/03\/3-de-agosto-san-pedro-julian-eymard-1811-1868\/","title":{"rendered":"3 de agosto. San Pedro Juli\u00e1n Eymard (1811-1868)"},"content":{"rendered":"\n<p class=\"wp-block-paragraph\">Naci\u00f3 en La Mure, en el departamento de Is\u00e8re, al este de Francia, hijo de un antiguo labrador arruinado, <strong>Pedro <\/strong>creci\u00f3 en el ambiente de la Restauraci\u00f3n con el af\u00e1n de reconstruir la conciencia cristiana despu\u00e9s de los estragos que hab\u00edan causado los nuevos paganismos revolucionarios e imperiales. Su prop\u00f3sito es se\u00f1alar la primac\u00eda absoluta de lo espiritual; mientras el mundo se vuelca en el utilitarismo y diviniza la raz\u00f3n. <\/p>\n\n\n\n<p class=\"wp-block-paragraph\">En su familia no encontr\u00f3 apoyo para su vocaci\u00f3n religiosa, pero, por fin, pudo estudiar en el seminario de Grenoble y se orden\u00f3 en 1834. Contempor\u00e1neo y amigo del Cura de Ars, de quien tan cerca est\u00e1 en le calendario, fue tambi\u00e9n un cura rural como <strong>San Juan Bautista Vianney<\/strong>, luego marista en Lyon. Y en 1856 le vemos fundando una orden eucar\u00edstica, el Instituto de los Sacerdotes del Sant\u00edsimo Sacramento, que difunde la pr\u00e1ctica de la adoraci\u00f3n perpetua, buscando el n\u00facleo mismo de la fe en la presencia real de Jesucristo en las especies sacramentadas.<\/p>\n\n\n\n<p class=\"wp-block-paragraph\">Ante los males del siglo es una iniciativa a simple vista sorprendente. No hace nada pr\u00e1ctico y visible en lo que la sociedad vea frutos, cuidar ancianos o enfermos, o fundar escuelas. Para algunos, una p\u00e9rdida de tiempo, aunque, el anteponer a todo la presencia invisible de Dios, como hace <strong>San Pedro Juli\u00e1n de Eymard<\/strong>, es para Jesucristo haber elegido la mejor parte.<\/p>\n\n\n\n<p class=\"wp-block-paragraph\">Fuente: <em>La casa de los Santos. Un Santo para cada d\u00eda<\/em>. Carlos Pujol.<\/p>\n","protected":false},"excerpt":{"rendered":"<p>Naci\u00f3 en La Mure, en el departamento de Is\u00e8re, al este de Francia, hijo de un antiguo labrador arruinado, Pedro creci\u00f3 en el ambiente de la Restauraci\u00f3n con el af\u00e1n de reconstruir la conciencia cristiana despu\u00e9s de los estragos que hab\u00edan causado los nuevos paganismos revolucionarios e imperiales. Su prop\u00f3sito es se\u00f1alar la primac\u00eda absoluta [&hellip;]<\/p>\n","protected":false},"author":1,"featured_media":2638,"comment_status":"open","ping_status":"open","sticky":false,"template":"","format":"standard","meta":{"_crdt_document":"","om_disable_all_campaigns":false,"_monsterinsights_skip_tracking":false,"_monsterinsights_sitenote_active":false,"_monsterinsights_sitenote_note":"","_monsterinsights_sitenote_category":0,"_uf_show_specific_survey":0,"_uf_disable_surveys":false,"jetpack_post_was_ever_published":false,"_jetpack_newsletter_access":"","_jetpack_dont_email_post_to_subs":false,"_jetpack_newsletter_tier_id":0,"_jetpack_memberships_contains_paywalled_content":false,"_jetpack_memberships_contains_paid_content":false,"footnotes":"","jetpack_publicize_message":"","jetpack_publicize_feature_enabled":true,"jetpack_social_post_already_shared":false,"jetpack_social_options":{"image_generator_settings":{"template":"highway","default_image_id":0,"font":"","enabled":false},"version":2}},"categories":[32],"tags":[],"class_list":["post-2637","post","type-post","status-publish","format-standard","has-post-thumbnail","hentry","category-santoral"],"aioseo_notices":[],"jetpack_publicize_connections":[],"jetpack_featured_media_url":"https:\/\/i0.wp.com\/www.raulmayoral.es\/wp-content\/uploads\/2024\/08\/3-de-agosto.jpg?fit=409%2C603&ssl=1","jetpack-related-posts":[],"jetpack_sharing_enabled":true,"_links":{"self":[{"href":"https:\/\/www.raulmayoral.es\/index.php\/wp-json\/wp\/v2\/posts\/2637","targetHints":{"allow":["GET"]}}],"collection":[{"href":"https:\/\/www.raulmayoral.es\/index.php\/wp-json\/wp\/v2\/posts"}],"about":[{"href":"https:\/\/www.raulmayoral.es\/index.php\/wp-json\/wp\/v2\/types\/post"}],"author":[{"embeddable":true,"href":"https:\/\/www.raulmayoral.es\/index.php\/wp-json\/wp\/v2\/users\/1"}],"replies":[{"embeddable":true,"href":"https:\/\/www.raulmayoral.es\/index.php\/wp-json\/wp\/v2\/comments?post=2637"}],"version-history":[{"count":2,"href":"https:\/\/www.raulmayoral.es\/index.php\/wp-json\/wp\/v2\/posts\/2637\/revisions"}],"predecessor-version":[{"id":2640,"href":"https:\/\/www.raulmayoral.es\/index.php\/wp-json\/wp\/v2\/posts\/2637\/revisions\/2640"}],"wp:featuredmedia":[{"embeddable":true,"href":"https:\/\/www.raulmayoral.es\/index.php\/wp-json\/wp\/v2\/media\/2638"}],"wp:attachment":[{"href":"https:\/\/www.raulmayoral.es\/index.php\/wp-json\/wp\/v2\/media?parent=2637"}],"wp:term":[{"taxonomy":"category","embeddable":true,"href":"https:\/\/www.raulmayoral.es\/index.php\/wp-json\/wp\/v2\/categories?post=2637"},{"taxonomy":"post_tag","embeddable":true,"href":"https:\/\/www.raulmayoral.es\/index.php\/wp-json\/wp\/v2\/tags?post=2637"}],"curies":[{"name":"wp","href":"https:\/\/api.w.org\/{rel}","templated":true}]}}