{"id":2641,"date":"2024-08-04T20:32:33","date_gmt":"2024-08-04T18:32:33","guid":{"rendered":"https:\/\/www.raulmayoral.es\/?p=2641"},"modified":"2024-08-04T20:32:36","modified_gmt":"2024-08-04T18:32:36","slug":"4-de-agosto-san-juan-bautista-vianney-1786-1859","status":"publish","type":"post","link":"https:\/\/www.raulmayoral.es\/index.php\/2024\/08\/04\/4-de-agosto-san-juan-bautista-vianney-1786-1859\/","title":{"rendered":"4 de agosto. San Juan Bautista Vianney (1786-1859)"},"content":{"rendered":"\n<p class=\"wp-block-paragraph\"><strong>Juan Bautista<\/strong> no era gran cosa: hijo de pobres, pastor de tres cabras y un asno, desmedrado y fr\u00e1gil de salud, ignorante, romo de inteligencia hasta el punto de que acab\u00f3 orden\u00e1ndosele por compasi\u00f3n. Y para remate, desertor del ej\u00e9rcito de <strong>Napole\u00f3n<\/strong>, \u00bfqu\u00e9 pod\u00eda hacerse de un hombre como \u00e9l? Mandarle a la parroquia m\u00e1s olvidada y humilde, Ars-en Dombes, y que fuera lo que <strong>Dios<\/strong> quisiese. Dios quiso que con su piedad, su penitencia, su trabajo y su ejemplo la aldea se convirtiese en el centro espiritual de Francia, lugar de peregrinaciones y prodigios, porque los pecadores acud\u00edan a \u00e9l por millares.<\/p>\n\n\n\n<p class=\"wp-block-paragraph\">De este santo, se contaba que en Dardilly, su pueblo natal, cierta noche sus padres albergaron a un pordiosero peregrino, <strong>Benito Jos\u00e9 Labre<\/strong>, que pag\u00f3 con su bendici\u00f3n al ni\u00f1o de tan hospitalarios labriegos; y con ella debi\u00f3 de comunicarle el carisma de desecho humano, de los que parecen no servir para nada. La santidad se contagia y su estilo personal tambi\u00e9n.<\/p>\n\n\n\n<p class=\"wp-block-paragraph\">\u00abEse pobre curita que ha armado tanto revuelo\u00bb, como dec\u00eda de s\u00ed mismo, no era f\u00e1cil ni halagador, m\u00e1s bien un rigorista de la vieja escuela con m\u00e9todos muy sencillos: oraci\u00f3n constante, dieciocho horas diarias de confesionarios, sacrificio, predicaci\u00f3n elemental e irresistible, desvelos por todos su feligreses. Sin ning\u00fan medio humano a su alcance, porque no ten\u00eda nada, <strong>San Juan Bautista Vianney <\/strong>cumpl\u00eda al m\u00e1ximo con su deber, atormentado pero lleno de luz sobrenatural, manteniendo grandes refriegas con el demonio (\u00abhace tanto tiempo que nos tratamos que somos casi camaradas\u00bb), hombre de exigencia y de misericordia, se convirti\u00f3 en un gran santo. Y es el patr\u00f3n de los p\u00e1rrocos de todo el mundo, el Santo Cura de Ars, lo cual es su mayor  t\u00edtulo de gloria.<\/p>\n\n\n\n<p class=\"wp-block-paragraph\">Fuente: <em>La casa de los Santos. Un Santo para cada d\u00eda<\/em>. Carlos Pujol.<\/p>\n\n\n\n<p class=\"wp-block-paragraph\"><\/p>\n\n\n\n<p class=\"wp-block-paragraph\"><\/p>\n\n\n\n<p class=\"wp-block-paragraph\"><\/p>\n\n\n\n<p class=\"wp-block-paragraph\"><\/p>\n\n\n\n<p class=\"wp-block-paragraph\"><\/p>\n\n\n\n<p class=\"wp-block-paragraph\"><\/p>\n\n\n\n<p class=\"wp-block-paragraph\"><\/p>\n\n\n\n<p class=\"wp-block-paragraph\"><\/p>\n","protected":false},"excerpt":{"rendered":"<p>Juan Bautista no era gran cosa: hijo de pobres, pastor de tres cabras y un asno, desmedrado y fr\u00e1gil de salud, ignorante, romo de inteligencia hasta el punto de que acab\u00f3 orden\u00e1ndosele por compasi\u00f3n. Y para remate, desertor del ej\u00e9rcito de Napole\u00f3n, \u00bfqu\u00e9 pod\u00eda hacerse de un hombre como \u00e9l? Mandarle a la parroquia m\u00e1s [&hellip;]<\/p>\n","protected":false},"author":1,"featured_media":2642,"comment_status":"open","ping_status":"open","sticky":false,"template":"","format":"standard","meta":{"_crdt_document":"","om_disable_all_campaigns":false,"_monsterinsights_skip_tracking":false,"_monsterinsights_sitenote_active":false,"_monsterinsights_sitenote_note":"","_monsterinsights_sitenote_category":0,"_uf_show_specific_survey":0,"_uf_disable_surveys":false,"jetpack_post_was_ever_published":false,"_jetpack_newsletter_access":"","_jetpack_dont_email_post_to_subs":false,"_jetpack_newsletter_tier_id":0,"_jetpack_memberships_contains_paywalled_content":false,"_jetpack_memberships_contains_paid_content":false,"footnotes":"","jetpack_publicize_message":"","jetpack_publicize_feature_enabled":true,"jetpack_social_post_already_shared":false,"jetpack_social_options":{"image_generator_settings":{"template":"highway","default_image_id":0,"font":"","enabled":false},"version":2}},"categories":[32],"tags":[],"class_list":["post-2641","post","type-post","status-publish","format-standard","has-post-thumbnail","hentry","category-santoral"],"aioseo_notices":[],"jetpack_publicize_connections":[],"jetpack_featured_media_url":"https:\/\/i0.wp.com\/www.raulmayoral.es\/wp-content\/uploads\/2024\/08\/4-agosto.jpg?fit=486%2C531&ssl=1","jetpack-related-posts":[],"jetpack_sharing_enabled":true,"_links":{"self":[{"href":"https:\/\/www.raulmayoral.es\/index.php\/wp-json\/wp\/v2\/posts\/2641","targetHints":{"allow":["GET"]}}],"collection":[{"href":"https:\/\/www.raulmayoral.es\/index.php\/wp-json\/wp\/v2\/posts"}],"about":[{"href":"https:\/\/www.raulmayoral.es\/index.php\/wp-json\/wp\/v2\/types\/post"}],"author":[{"embeddable":true,"href":"https:\/\/www.raulmayoral.es\/index.php\/wp-json\/wp\/v2\/users\/1"}],"replies":[{"embeddable":true,"href":"https:\/\/www.raulmayoral.es\/index.php\/wp-json\/wp\/v2\/comments?post=2641"}],"version-history":[{"count":1,"href":"https:\/\/www.raulmayoral.es\/index.php\/wp-json\/wp\/v2\/posts\/2641\/revisions"}],"predecessor-version":[{"id":2643,"href":"https:\/\/www.raulmayoral.es\/index.php\/wp-json\/wp\/v2\/posts\/2641\/revisions\/2643"}],"wp:featuredmedia":[{"embeddable":true,"href":"https:\/\/www.raulmayoral.es\/index.php\/wp-json\/wp\/v2\/media\/2642"}],"wp:attachment":[{"href":"https:\/\/www.raulmayoral.es\/index.php\/wp-json\/wp\/v2\/media?parent=2641"}],"wp:term":[{"taxonomy":"category","embeddable":true,"href":"https:\/\/www.raulmayoral.es\/index.php\/wp-json\/wp\/v2\/categories?post=2641"},{"taxonomy":"post_tag","embeddable":true,"href":"https:\/\/www.raulmayoral.es\/index.php\/wp-json\/wp\/v2\/tags?post=2641"}],"curies":[{"name":"wp","href":"https:\/\/api.w.org\/{rel}","templated":true}]}}