{"id":2644,"date":"2024-08-05T11:20:11","date_gmt":"2024-08-05T09:20:11","guid":{"rendered":"https:\/\/www.raulmayoral.es\/?p=2644"},"modified":"2024-08-05T11:20:14","modified_gmt":"2024-08-05T09:20:14","slug":"5-de-agosto-santa-afra-304","status":"publish","type":"post","link":"https:\/\/www.raulmayoral.es\/index.php\/2024\/08\/05\/5-de-agosto-santa-afra-304\/","title":{"rendered":"5 de agosto. Santa Afra (&#8230; -304?)"},"content":{"rendered":"\n<p class=\"wp-block-paragraph\">Descrita como una joven de Augsburgo, en la Baviera, que al igual que toda su familia se dedicaba a comerciar con su cuerpo. Se dice que cuando la persecuci\u00f3n de <strong>Diocleciano<\/strong>, <strong>Afra<\/strong> acogi\u00f3 en su casa a un obispo extranjero, <strong>San Narciso<\/strong>, creyendo que era un  cliente m\u00e1s; el santo var\u00f3n le aclara el motivo de su presencia all\u00ed, ella se convierte y cierra el burdel, lo cual provoca iras y una denuncia a las autoridades por cristiana.<\/p>\n\n\n\n<p class=\"wp-block-paragraph\">\u00bfC\u00f3mo es posible que  sea prostituta y cristiana?, le preguntan, y le exigen sacrificios a los dioses. La respuesta es fr\u00eda y razonable: Mi cuerpo ha pecado, que sufra las consecuencias, pero no corromper\u00e9 mi alma con la idolatr\u00eda. Fue quemada viva en una isla del r\u00edo Lech.<\/p>\n\n\n\n<p class=\"wp-block-paragraph\">Los Cielos no piden antecedentes de honorabilidad antes de abrir sus puertas. <strong>Santa Afra<\/strong>, la Africana, patrona de meretrices y arrepentidas, lo es tambi\u00e9n de las almas del Purgatorio porque muri\u00f3 en una hoguera, s\u00edmbolo del fuego de las pasiones, entre cuyas llamas volvi\u00f3 a nacer como el Ave F\u00e9nix de sus cenizas. <\/p>\n\n\n\n<p class=\"wp-block-paragraph\">Fuente: <em>La casa de los Santos. Un  Santo para cada d\u00eda<\/em>. Carlos Pujol.<\/p>\n\n\n\n<p class=\"wp-block-paragraph\"><\/p>\n","protected":false},"excerpt":{"rendered":"<p>Descrita como una joven de Augsburgo, en la Baviera, que al igual que toda su familia se dedicaba a comerciar con su cuerpo. Se dice que cuando la persecuci\u00f3n de Diocleciano, Afra acogi\u00f3 en su casa a un obispo extranjero, San Narciso, creyendo que era un cliente m\u00e1s; el santo var\u00f3n le aclara el motivo [&hellip;]<\/p>\n","protected":false},"author":1,"featured_media":2645,"comment_status":"open","ping_status":"open","sticky":false,"template":"","format":"standard","meta":{"_crdt_document":"","om_disable_all_campaigns":false,"_monsterinsights_skip_tracking":false,"_monsterinsights_sitenote_active":false,"_monsterinsights_sitenote_note":"","_monsterinsights_sitenote_category":0,"_uf_show_specific_survey":0,"_uf_disable_surveys":false,"jetpack_post_was_ever_published":false,"_jetpack_newsletter_access":"","_jetpack_dont_email_post_to_subs":false,"_jetpack_newsletter_tier_id":0,"_jetpack_memberships_contains_paywalled_content":false,"_jetpack_memberships_contains_paid_content":false,"footnotes":"","jetpack_publicize_message":"","jetpack_publicize_feature_enabled":true,"jetpack_social_post_already_shared":false,"jetpack_social_options":{"image_generator_settings":{"template":"highway","default_image_id":0,"font":"","enabled":false},"version":2}},"categories":[32],"tags":[],"class_list":["post-2644","post","type-post","status-publish","format-standard","has-post-thumbnail","hentry","category-santoral"],"aioseo_notices":[],"jetpack_publicize_connections":[],"jetpack_featured_media_url":"https:\/\/i0.wp.com\/www.raulmayoral.es\/wp-content\/uploads\/2024\/08\/5-agosto.jpg?fit=500%2C568&ssl=1","jetpack-related-posts":[],"jetpack_sharing_enabled":true,"_links":{"self":[{"href":"https:\/\/www.raulmayoral.es\/index.php\/wp-json\/wp\/v2\/posts\/2644","targetHints":{"allow":["GET"]}}],"collection":[{"href":"https:\/\/www.raulmayoral.es\/index.php\/wp-json\/wp\/v2\/posts"}],"about":[{"href":"https:\/\/www.raulmayoral.es\/index.php\/wp-json\/wp\/v2\/types\/post"}],"author":[{"embeddable":true,"href":"https:\/\/www.raulmayoral.es\/index.php\/wp-json\/wp\/v2\/users\/1"}],"replies":[{"embeddable":true,"href":"https:\/\/www.raulmayoral.es\/index.php\/wp-json\/wp\/v2\/comments?post=2644"}],"version-history":[{"count":2,"href":"https:\/\/www.raulmayoral.es\/index.php\/wp-json\/wp\/v2\/posts\/2644\/revisions"}],"predecessor-version":[{"id":2647,"href":"https:\/\/www.raulmayoral.es\/index.php\/wp-json\/wp\/v2\/posts\/2644\/revisions\/2647"}],"wp:featuredmedia":[{"embeddable":true,"href":"https:\/\/www.raulmayoral.es\/index.php\/wp-json\/wp\/v2\/media\/2645"}],"wp:attachment":[{"href":"https:\/\/www.raulmayoral.es\/index.php\/wp-json\/wp\/v2\/media?parent=2644"}],"wp:term":[{"taxonomy":"category","embeddable":true,"href":"https:\/\/www.raulmayoral.es\/index.php\/wp-json\/wp\/v2\/categories?post=2644"},{"taxonomy":"post_tag","embeddable":true,"href":"https:\/\/www.raulmayoral.es\/index.php\/wp-json\/wp\/v2\/tags?post=2644"}],"curies":[{"name":"wp","href":"https:\/\/api.w.org\/{rel}","templated":true}]}}