{"id":2651,"date":"2024-08-06T19:01:20","date_gmt":"2024-08-06T17:01:20","guid":{"rendered":"https:\/\/www.raulmayoral.es\/?p=2651"},"modified":"2024-08-06T19:01:23","modified_gmt":"2024-08-06T17:01:23","slug":"6-de-agosto-santos-justo-y-pastor-304","status":"publish","type":"post","link":"https:\/\/www.raulmayoral.es\/index.php\/2024\/08\/06\/6-de-agosto-santos-justo-y-pastor-304\/","title":{"rendered":"6 de agosto. Santos Justo y Pastor (&#8230; &#8211; 304)"},"content":{"rendered":"\n<p class=\"wp-block-paragraph\">Son los hermanos m\u00e1rtires de Alcal\u00e1 de Henares, la antigua Complutum, que murieron durante la gran persecuci\u00f3n de <strong>Diocleciano<\/strong>, cuando el prefecto <strong>Daciano <\/strong>recorr\u00eda Espa\u00f1a y se esforzaba por ahogar en sangre los testimonios de fe. <strong>Vicente de Zaragoza<\/strong>, <strong>Eulalia de M\u00e9rida<\/strong> y tantos otros fueron v\u00edctimas suyas cuyos nombres perpet\u00faa el santoral. Y tambi\u00e9n <strong>Justo<\/strong> y <strong>Pastor<\/strong>, dos ni\u00f1os de corta edad, se cree que de unos siete o nueve a\u00f1os, quiz\u00e1s degollados en las afueras de la poblaci\u00f3n, donde hoy se levanta una bas\u00edlica.<\/p>\n\n\n\n<p class=\"wp-block-paragraph\"><em>Dos corderos al cielo sacrifica<\/em>,<\/p>\n\n\n\n<p class=\"wp-block-paragraph\"><em>primicias ya de innumerables santos<\/em><\/p>\n\n\n\n<p class=\"wp-block-paragraph\">dice un soneto de <strong>Lope de Vega<\/strong>, cantor de los patronos de Alcal\u00e1 y de toda la di\u00f3cesis de Madrid, aunque su culto se propag\u00f3 tambi\u00e9n por el resto de Espa\u00f1a e incluso m\u00e1s all\u00e1 de los Pirineos. <strong>Prudencio<\/strong> en su <em>Perist\u00e9fanon<\/em>, <strong>Venancio Fortunato<\/strong>, <strong>San Isidoro<\/strong>, <strong>San Ildefonso <\/strong>y otros muchos nos dejaron encendidos elogios de estos peque\u00f1os m\u00e1rtires. De <strong>San Justo<\/strong> y <strong>San Pastor<\/strong> en realidad s\u00f3lo conocemos su gesto, todo los dem\u00e1s es fervor y leyenda, ret\u00f3rica m\u00e1s o menos loable. <\/p>\n\n\n\n<p class=\"wp-block-paragraph\">El hecho de que fueran unos parvulillos sin duda influy\u00f3 en su popularidad, y entre miles de m\u00e1rtires an\u00f3nimos ellos han traspasado la frontera de los siglos, neg\u00e1ndonos m\u00e1s explicaci\u00f3n que la que puede aportar su muerte, como si toda existencia, su verdad y su fe se concentrasen en el misterio de escoger el martirio para que hoy nos acordemos de ellos y de lo que significaron.<\/p>\n\n\n\n<p class=\"wp-block-paragraph\">Fuente: <em>La casa de los Santos. Un Santo para cada d\u00eda<\/em>. Carlos Pujol.<\/p>\n\n\n\n<p class=\"wp-block-paragraph\"><\/p>\n","protected":false},"excerpt":{"rendered":"<p>Son los hermanos m\u00e1rtires de Alcal\u00e1 de Henares, la antigua Complutum, que murieron durante la gran persecuci\u00f3n de Diocleciano, cuando el prefecto Daciano recorr\u00eda Espa\u00f1a y se esforzaba por ahogar en sangre los testimonios de fe. Vicente de Zaragoza, Eulalia de M\u00e9rida y tantos otros fueron v\u00edctimas suyas cuyos nombres perpet\u00faa el santoral. Y tambi\u00e9n [&hellip;]<\/p>\n","protected":false},"author":1,"featured_media":2652,"comment_status":"open","ping_status":"open","sticky":false,"template":"","format":"standard","meta":{"_crdt_document":"","om_disable_all_campaigns":false,"_monsterinsights_skip_tracking":false,"_monsterinsights_sitenote_active":false,"_monsterinsights_sitenote_note":"","_monsterinsights_sitenote_category":0,"_uf_show_specific_survey":0,"_uf_disable_surveys":false,"jetpack_post_was_ever_published":false,"_jetpack_newsletter_access":"","_jetpack_dont_email_post_to_subs":false,"_jetpack_newsletter_tier_id":0,"_jetpack_memberships_contains_paywalled_content":false,"_jetpack_memberships_contains_paid_content":false,"footnotes":"","jetpack_publicize_message":"","jetpack_publicize_feature_enabled":true,"jetpack_social_post_already_shared":false,"jetpack_social_options":{"image_generator_settings":{"template":"highway","default_image_id":0,"font":"","enabled":false},"version":2}},"categories":[32],"tags":[],"class_list":["post-2651","post","type-post","status-publish","format-standard","has-post-thumbnail","hentry","category-santoral"],"aioseo_notices":[],"jetpack_publicize_connections":[],"jetpack_featured_media_url":"https:\/\/i0.wp.com\/www.raulmayoral.es\/wp-content\/uploads\/2024\/08\/6-agosto.jpg?fit=204%2C311&ssl=1","jetpack-related-posts":[],"jetpack_sharing_enabled":true,"_links":{"self":[{"href":"https:\/\/www.raulmayoral.es\/index.php\/wp-json\/wp\/v2\/posts\/2651","targetHints":{"allow":["GET"]}}],"collection":[{"href":"https:\/\/www.raulmayoral.es\/index.php\/wp-json\/wp\/v2\/posts"}],"about":[{"href":"https:\/\/www.raulmayoral.es\/index.php\/wp-json\/wp\/v2\/types\/post"}],"author":[{"embeddable":true,"href":"https:\/\/www.raulmayoral.es\/index.php\/wp-json\/wp\/v2\/users\/1"}],"replies":[{"embeddable":true,"href":"https:\/\/www.raulmayoral.es\/index.php\/wp-json\/wp\/v2\/comments?post=2651"}],"version-history":[{"count":2,"href":"https:\/\/www.raulmayoral.es\/index.php\/wp-json\/wp\/v2\/posts\/2651\/revisions"}],"predecessor-version":[{"id":2654,"href":"https:\/\/www.raulmayoral.es\/index.php\/wp-json\/wp\/v2\/posts\/2651\/revisions\/2654"}],"wp:featuredmedia":[{"embeddable":true,"href":"https:\/\/www.raulmayoral.es\/index.php\/wp-json\/wp\/v2\/media\/2652"}],"wp:attachment":[{"href":"https:\/\/www.raulmayoral.es\/index.php\/wp-json\/wp\/v2\/media?parent=2651"}],"wp:term":[{"taxonomy":"category","embeddable":true,"href":"https:\/\/www.raulmayoral.es\/index.php\/wp-json\/wp\/v2\/categories?post=2651"},{"taxonomy":"post_tag","embeddable":true,"href":"https:\/\/www.raulmayoral.es\/index.php\/wp-json\/wp\/v2\/tags?post=2651"}],"curies":[{"name":"wp","href":"https:\/\/api.w.org\/{rel}","templated":true}]}}