{"id":2659,"date":"2024-08-07T23:49:04","date_gmt":"2024-08-07T21:49:04","guid":{"rendered":"https:\/\/www.raulmayoral.es\/?p=2659"},"modified":"2024-08-07T23:49:06","modified_gmt":"2024-08-07T21:49:06","slug":"7-de-agosto-san-cayetano-de-tiena-1480-1547","status":"publish","type":"post","link":"https:\/\/www.raulmayoral.es\/index.php\/2024\/08\/07\/7-de-agosto-san-cayetano-de-tiena-1480-1547\/","title":{"rendered":"7 de agosto. San Cayetano de Tiena (1480-1547)"},"content":{"rendered":"\n<p class=\"wp-block-paragraph\">Hijo de condes y natural de Vicenza, <strong>Cayetano<\/strong> ten\u00eda un gran futuro cuando estudiaba Derecho en la Universidad de Padua, y luego, tras recibir la indispensable tonsura, cuando era protonotario apost\u00f3lico de la Curia romana en la \u00e9poca del Papa <strong>Julio II<\/strong>. Enzarzado \u00e9ste en guerras y ambiciosas empresas de pol\u00edtica, Cayetano se ordena a los treinta y seis a\u00f1os. Por entonces, se construye San Pedro del Vaticano, <strong>Miguel Angel <\/strong>pinta y <strong>Lutero<\/strong> est\u00e1 a punto de levantar su grito rebelde.<\/p>\n\n\n\n<p class=\"wp-block-paragraph\">Pero Roma se queda estupefacta ante una piedad que no es frecuente entre los cl\u00e9rigos. Este santo celebra misa todos los d\u00edas, recomienda que se comulgue a menudo, se mortifica y atiende a los necesitados. Con el obispo <strong>Caraffa<\/strong>, posteriormente <strong>Paulo IV<\/strong>, funda en 1524 una congregaci\u00f3n de cl\u00e9rigos regulares, los teatinos (de Teate, nombre latino de Chieti, la sede de Caraffa), cuyo apostolado tiene por medios la misa, los sacramentos, la sencillez de la predicaci\u00f3n y el cuidado de enfermos, pobres y presos. <\/p>\n\n\n\n<p class=\"wp-block-paragraph\">La originalidad de la orden es que no pueden pedir limosna, fi\u00e1ndose de aquella Providencia que los puede entender sin que la hablen. El instituto crece con enormes dificultades, pero se desarrolla al tremendo impulso del que llamaban \u00abel santo de la Providencia\u00bb o \u00abel cazador de las almas\u00bb. Extiende su labor a otros puntos de Italia y radic\u00e1ndose en N\u00e1poles, all\u00ed muere una vez iniciado el concilio de Trento, a cuya orientaci\u00f3n tanto hab\u00eda contribuido con su santidad.<\/p>\n\n\n\n<p class=\"wp-block-paragraph\">Fuente: <em>La casa de los Santos. Un Santo para cada d\u00eda<\/em>. Carlos Pujol.<\/p>\n","protected":false},"excerpt":{"rendered":"<p>Hijo de condes y natural de Vicenza, Cayetano ten\u00eda un gran futuro cuando estudiaba Derecho en la Universidad de Padua, y luego, tras recibir la indispensable tonsura, cuando era protonotario apost\u00f3lico de la Curia romana en la \u00e9poca del Papa Julio II. Enzarzado \u00e9ste en guerras y ambiciosas empresas de pol\u00edtica, Cayetano se ordena a [&hellip;]<\/p>\n","protected":false},"author":1,"featured_media":2660,"comment_status":"open","ping_status":"open","sticky":false,"template":"","format":"standard","meta":{"_crdt_document":"","om_disable_all_campaigns":false,"_monsterinsights_skip_tracking":false,"_monsterinsights_sitenote_active":false,"_monsterinsights_sitenote_note":"","_monsterinsights_sitenote_category":0,"_uf_show_specific_survey":0,"_uf_disable_surveys":false,"jetpack_post_was_ever_published":false,"_jetpack_newsletter_access":"","_jetpack_dont_email_post_to_subs":false,"_jetpack_newsletter_tier_id":0,"_jetpack_memberships_contains_paywalled_content":false,"_jetpack_memberships_contains_paid_content":false,"footnotes":"","jetpack_publicize_message":"","jetpack_publicize_feature_enabled":true,"jetpack_social_post_already_shared":false,"jetpack_social_options":{"image_generator_settings":{"template":"highway","default_image_id":0,"font":"","enabled":false},"version":2}},"categories":[32],"tags":[],"class_list":["post-2659","post","type-post","status-publish","format-standard","has-post-thumbnail","hentry","category-santoral"],"aioseo_notices":[],"jetpack_publicize_connections":[],"jetpack_featured_media_url":"https:\/\/i0.wp.com\/www.raulmayoral.es\/wp-content\/uploads\/2024\/08\/7-agosto.jpg?fit=301%2C167&ssl=1","jetpack-related-posts":[],"jetpack_sharing_enabled":true,"_links":{"self":[{"href":"https:\/\/www.raulmayoral.es\/index.php\/wp-json\/wp\/v2\/posts\/2659","targetHints":{"allow":["GET"]}}],"collection":[{"href":"https:\/\/www.raulmayoral.es\/index.php\/wp-json\/wp\/v2\/posts"}],"about":[{"href":"https:\/\/www.raulmayoral.es\/index.php\/wp-json\/wp\/v2\/types\/post"}],"author":[{"embeddable":true,"href":"https:\/\/www.raulmayoral.es\/index.php\/wp-json\/wp\/v2\/users\/1"}],"replies":[{"embeddable":true,"href":"https:\/\/www.raulmayoral.es\/index.php\/wp-json\/wp\/v2\/comments?post=2659"}],"version-history":[{"count":1,"href":"https:\/\/www.raulmayoral.es\/index.php\/wp-json\/wp\/v2\/posts\/2659\/revisions"}],"predecessor-version":[{"id":2661,"href":"https:\/\/www.raulmayoral.es\/index.php\/wp-json\/wp\/v2\/posts\/2659\/revisions\/2661"}],"wp:featuredmedia":[{"embeddable":true,"href":"https:\/\/www.raulmayoral.es\/index.php\/wp-json\/wp\/v2\/media\/2660"}],"wp:attachment":[{"href":"https:\/\/www.raulmayoral.es\/index.php\/wp-json\/wp\/v2\/media?parent=2659"}],"wp:term":[{"taxonomy":"category","embeddable":true,"href":"https:\/\/www.raulmayoral.es\/index.php\/wp-json\/wp\/v2\/categories?post=2659"},{"taxonomy":"post_tag","embeddable":true,"href":"https:\/\/www.raulmayoral.es\/index.php\/wp-json\/wp\/v2\/tags?post=2659"}],"curies":[{"name":"wp","href":"https:\/\/api.w.org\/{rel}","templated":true}]}}