{"id":2683,"date":"2024-08-11T21:04:44","date_gmt":"2024-08-11T19:04:44","guid":{"rendered":"https:\/\/www.raulmayoral.es\/?p=2683"},"modified":"2024-08-12T17:02:33","modified_gmt":"2024-08-12T15:02:33","slug":"la-jauria-excluyente","status":"publish","type":"post","link":"https:\/\/www.raulmayoral.es\/index.php\/2024\/08\/11\/la-jauria-excluyente\/","title":{"rendered":"La jaur\u00eda excluyente"},"content":{"rendered":"\n<p class=\"wp-block-paragraph\">Hace un siglo el nacionalismo, aquella enfermedad infantil como la llamara <strong>Einstein<\/strong>, el sarampi\u00f3n de la Humanidad amenazaba a una Europa que en quince a\u00f1os padecer\u00eda una segunda guerra civil, siendo tambi\u00e9n a la postre una segunda guerra mundial. Un nacionalismo ruso que desembocar\u00eda en el totalitarismo sovi\u00e9tico sobre el armaz\u00f3n del Partido comunista, un nacionalismo italiano que generar\u00eda otro totalitarismo, el fascismo, sobre el eje del Estado, y un nacionalismo alem\u00e1n que confeccionar\u00eda una ideolog\u00eda totalitaria sobre el concepto de raza fueron la ciza\u00f1a en los trigales de Europa.<\/p>\n\n\n\n<p class=\"wp-block-paragraph\">En su obra <em>El fin del armisticio<\/em>, <strong>Chesterton <\/strong>diferencia dos tipos de patriotas: el patriota ordinario que ha recibido la educaci\u00f3n de perro guardi\u00e1n y el patriota que ha sido amaestrado como una jaur\u00eda de perros de caza. El primero vigila su propia puerta y puede permanecer dentro de la cerca, incluso, sin estar sujeto por la cadena. El segundo ha sido adiestrado para seguir pistas saltando vallas y atravesando campos, lo que supone un peligro para los vecinos. Los tres nacionalismos citados fueron expansivos y excluyentes, es decir, fueron un peligro para sus vecinos. \u00a0<\/p>\n\n\n\n<p class=\"wp-block-paragraph\">Un siglo m\u00e1s tarde, siguen deambulando por la historia nacionalismos trasnochados y anacr\u00f3nicos y, por supuesto, tambi\u00e9n expansivos y excluyentes, que resultan da\u00f1inos para sus vecinos. El nacionalismo catal\u00e1n est\u00e1 vertebrado en torno a la lengua, elemento diferenciador y divisor como en otra \u00e9poca lo fueron la naci\u00f3n, la raza, el partido o el Estado. En el acuerdo entre el Gobierno central y ERC para investir a <strong>Illa <\/strong>presidente de la Generalidad hay un apartado que nada tiene que ver con el asunto fiscal de la quiebra del principio de solidaridad del Estado auton\u00f3mico. Y ese asunto es que el catal\u00e1n sea la lengua que se use por la Administraci\u00f3n catalana en relaci\u00f3n con los ciudadanos en lo que es \u201cel \u00e1mbito ling\u00fc\u00edstico catal\u00e1n\u201d. Obs\u00e9rvese que no se circunscribe ese uso al territorio geogr\u00e1fico de la Comunidad Aut\u00f3noma de Catalu\u00f1a, sino a otro espacio diferente que se ajusta al pretendido \u00e1mbito de habla de la lengua catalana. El nacionalismo catal\u00e1n siempre persigui\u00f3 extender su influencia a otras regiones espa\u00f1olas como la Comunidad Valenciana o la de Islas Baleares. \u00bfVolvemos a la jaur\u00eda de perros?<\/p>\n","protected":false},"excerpt":{"rendered":"<p>Hace un siglo el nacionalismo, aquella enfermedad infantil como la llamara Einstein, el sarampi\u00f3n de la Humanidad amenazaba a una Europa que en quince a\u00f1os padecer\u00eda una segunda guerra civil, siendo tambi\u00e9n a la postre una segunda guerra mundial. Un nacionalismo ruso que desembocar\u00eda en el totalitarismo sovi\u00e9tico sobre el armaz\u00f3n del Partido comunista, un [&hellip;]<\/p>\n","protected":false},"author":1,"featured_media":2684,"comment_status":"open","ping_status":"open","sticky":false,"template":"","format":"standard","meta":{"_crdt_document":"","om_disable_all_campaigns":false,"_monsterinsights_skip_tracking":false,"_monsterinsights_sitenote_active":false,"_monsterinsights_sitenote_note":"","_monsterinsights_sitenote_category":0,"_uf_show_specific_survey":0,"_uf_disable_surveys":false,"jetpack_post_was_ever_published":false,"_jetpack_newsletter_access":"","_jetpack_dont_email_post_to_subs":false,"_jetpack_newsletter_tier_id":0,"_jetpack_memberships_contains_paywalled_content":false,"_jetpack_memberships_contains_paid_content":false,"footnotes":"","jetpack_publicize_message":"","jetpack_publicize_feature_enabled":true,"jetpack_social_post_already_shared":false,"jetpack_social_options":{"image_generator_settings":{"template":"highway","default_image_id":0,"font":"","enabled":false},"version":2}},"categories":[34],"tags":[],"class_list":["post-2683","post","type-post","status-publish","format-standard","has-post-thumbnail","hentry","category-pasando-revista"],"aioseo_notices":[],"jetpack_publicize_connections":[],"jetpack_featured_media_url":"https:\/\/i0.wp.com\/www.raulmayoral.es\/wp-content\/uploads\/2024\/08\/Jauria-excluyente.jpeg?fit=449%2C220&ssl=1","jetpack-related-posts":[],"jetpack_sharing_enabled":true,"_links":{"self":[{"href":"https:\/\/www.raulmayoral.es\/index.php\/wp-json\/wp\/v2\/posts\/2683","targetHints":{"allow":["GET"]}}],"collection":[{"href":"https:\/\/www.raulmayoral.es\/index.php\/wp-json\/wp\/v2\/posts"}],"about":[{"href":"https:\/\/www.raulmayoral.es\/index.php\/wp-json\/wp\/v2\/types\/post"}],"author":[{"embeddable":true,"href":"https:\/\/www.raulmayoral.es\/index.php\/wp-json\/wp\/v2\/users\/1"}],"replies":[{"embeddable":true,"href":"https:\/\/www.raulmayoral.es\/index.php\/wp-json\/wp\/v2\/comments?post=2683"}],"version-history":[{"count":2,"href":"https:\/\/www.raulmayoral.es\/index.php\/wp-json\/wp\/v2\/posts\/2683\/revisions"}],"predecessor-version":[{"id":2691,"href":"https:\/\/www.raulmayoral.es\/index.php\/wp-json\/wp\/v2\/posts\/2683\/revisions\/2691"}],"wp:featuredmedia":[{"embeddable":true,"href":"https:\/\/www.raulmayoral.es\/index.php\/wp-json\/wp\/v2\/media\/2684"}],"wp:attachment":[{"href":"https:\/\/www.raulmayoral.es\/index.php\/wp-json\/wp\/v2\/media?parent=2683"}],"wp:term":[{"taxonomy":"category","embeddable":true,"href":"https:\/\/www.raulmayoral.es\/index.php\/wp-json\/wp\/v2\/categories?post=2683"},{"taxonomy":"post_tag","embeddable":true,"href":"https:\/\/www.raulmayoral.es\/index.php\/wp-json\/wp\/v2\/tags?post=2683"}],"curies":[{"name":"wp","href":"https:\/\/api.w.org\/{rel}","templated":true}]}}