{"id":2686,"date":"2024-08-12T16:42:51","date_gmt":"2024-08-12T14:42:51","guid":{"rendered":"https:\/\/www.raulmayoral.es\/?p=2686"},"modified":"2024-08-12T16:42:54","modified_gmt":"2024-08-12T14:42:54","slug":"12-de-agosto-santa-clara-de-asis-1194-1253","status":"publish","type":"post","link":"https:\/\/www.raulmayoral.es\/index.php\/2024\/08\/12\/12-de-agosto-santa-clara-de-asis-1194-1253\/","title":{"rendered":"12 de agosto. Santa Clara de As\u00eds (1194-1253)"},"content":{"rendered":"\n<p class=\"wp-block-paragraph\">A los Condes de Sasso Rosso les sobraban buenos partidos para su hija <strong>Clara<\/strong>, pero la joven quer\u00eda seguir las huellas de aquel extra\u00f1o loco espiritual que hab\u00eda escandalizado a todo As\u00eds, <strong>Francisco<\/strong>, el hijo del pa\u00f1ero <strong>Bernadote<\/strong>. Clara, doce a\u00f1os menor que \u00e9l, fue a verle en secreto para pedir su ayuda, y una noche de primavera, junto con su prima <strong>Pac\u00edfica<\/strong>, se present\u00f3 en la Porci\u00fancula, donde Francisco le cort\u00f3 solemnemente los cabellos antes de que la acogieran las benedictinas de Bastia.<\/p>\n\n\n\n<p class=\"wp-block-paragraph\">Luego se les uni\u00f3 la hermana de Clara, <strong>In\u00e9s<\/strong>, y eran diecis\u00e9is hermanas las que se instalaron en San Damiano, en el mismo As\u00eds, con una regla muy parecida a la de los frailes que Francisco escribi\u00f3 para ellas. La orden segunda se aprob\u00f3 en 1215, Clara recibi\u00f3 el t\u00edtulo de abadesa de San Damiano y las \u00abse\u00f1oras pobres\u00bb, como se las llamaba, se extendieron por toda Europa. Las clarisas quer\u00edan ser como mendigas para vivir s\u00f3lo de limosna, y aun de limosnas de poca consideraci\u00f3n, rechazando los panes enteros y sin aceptar m\u00e1s que mendrugos. Cuando el Papa quiso suavizar esas normas, Clara defendi\u00f3 apasionadamente su pobreza como otras hubieran luchado por conservar el mayor de los bienes.<\/p>\n\n\n\n<p class=\"wp-block-paragraph\"><strong>Santa Clara<\/strong> rigi\u00f3 su comunidad cuarenta a\u00f1os con un esp\u00edritu de humildad, de fervor y de servicio que admira a sus bi\u00f3grafos. A su muerte le asistieron <strong>Le\u00f3n<\/strong>, <strong>\u00c1ngel<\/strong> y <strong>Jun\u00edpero<\/strong>, tres de los m\u00e1s aut\u00e9nticos franciscanos, y fue canonizada muy pocos a\u00f1os despu\u00e9s. <\/p>\n\n\n\n<p class=\"wp-block-paragraph\">Fuente: <em>La casa de los Santos. Un Santo para cada d\u00eda<\/em>. Carlos Pujol.<\/p>\n","protected":false},"excerpt":{"rendered":"<p>A los Condes de Sasso Rosso les sobraban buenos partidos para su hija Clara, pero la joven quer\u00eda seguir las huellas de aquel extra\u00f1o loco espiritual que hab\u00eda escandalizado a todo As\u00eds, Francisco, el hijo del pa\u00f1ero Bernadote. Clara, doce a\u00f1os menor que \u00e9l, fue a verle en secreto para pedir su ayuda, y una [&hellip;]<\/p>\n","protected":false},"author":1,"featured_media":2687,"comment_status":"open","ping_status":"open","sticky":false,"template":"","format":"standard","meta":{"_crdt_document":"","om_disable_all_campaigns":false,"_monsterinsights_skip_tracking":false,"_monsterinsights_sitenote_active":false,"_monsterinsights_sitenote_note":"","_monsterinsights_sitenote_category":0,"_uf_show_specific_survey":0,"_uf_disable_surveys":false,"jetpack_post_was_ever_published":false,"_jetpack_newsletter_access":"","_jetpack_dont_email_post_to_subs":false,"_jetpack_newsletter_tier_id":0,"_jetpack_memberships_contains_paywalled_content":false,"_jetpack_memberships_contains_paid_content":false,"footnotes":"","jetpack_publicize_message":"","jetpack_publicize_feature_enabled":true,"jetpack_social_post_already_shared":false,"jetpack_social_options":{"image_generator_settings":{"template":"highway","default_image_id":0,"font":"","enabled":false},"version":2}},"categories":[32],"tags":[],"class_list":["post-2686","post","type-post","status-publish","format-standard","has-post-thumbnail","hentry","category-santoral"],"aioseo_notices":[],"jetpack_publicize_connections":[],"jetpack_featured_media_url":"https:\/\/i0.wp.com\/www.raulmayoral.es\/wp-content\/uploads\/2024\/08\/12-agosto.jpg?fit=680%2C350&ssl=1","jetpack-related-posts":[],"jetpack_sharing_enabled":true,"_links":{"self":[{"href":"https:\/\/www.raulmayoral.es\/index.php\/wp-json\/wp\/v2\/posts\/2686","targetHints":{"allow":["GET"]}}],"collection":[{"href":"https:\/\/www.raulmayoral.es\/index.php\/wp-json\/wp\/v2\/posts"}],"about":[{"href":"https:\/\/www.raulmayoral.es\/index.php\/wp-json\/wp\/v2\/types\/post"}],"author":[{"embeddable":true,"href":"https:\/\/www.raulmayoral.es\/index.php\/wp-json\/wp\/v2\/users\/1"}],"replies":[{"embeddable":true,"href":"https:\/\/www.raulmayoral.es\/index.php\/wp-json\/wp\/v2\/comments?post=2686"}],"version-history":[{"count":2,"href":"https:\/\/www.raulmayoral.es\/index.php\/wp-json\/wp\/v2\/posts\/2686\/revisions"}],"predecessor-version":[{"id":2689,"href":"https:\/\/www.raulmayoral.es\/index.php\/wp-json\/wp\/v2\/posts\/2686\/revisions\/2689"}],"wp:featuredmedia":[{"embeddable":true,"href":"https:\/\/www.raulmayoral.es\/index.php\/wp-json\/wp\/v2\/media\/2687"}],"wp:attachment":[{"href":"https:\/\/www.raulmayoral.es\/index.php\/wp-json\/wp\/v2\/media?parent=2686"}],"wp:term":[{"taxonomy":"category","embeddable":true,"href":"https:\/\/www.raulmayoral.es\/index.php\/wp-json\/wp\/v2\/categories?post=2686"},{"taxonomy":"post_tag","embeddable":true,"href":"https:\/\/www.raulmayoral.es\/index.php\/wp-json\/wp\/v2\/tags?post=2686"}],"curies":[{"name":"wp","href":"https:\/\/api.w.org\/{rel}","templated":true}]}}