{"id":2696,"date":"2024-08-13T13:18:18","date_gmt":"2024-08-13T11:18:18","guid":{"rendered":"https:\/\/www.raulmayoral.es\/?p=2696"},"modified":"2025-08-13T10:01:19","modified_gmt":"2025-08-13T08:01:19","slug":"13-de-agosto-san-juan-berchmans-1599-1621","status":"publish","type":"post","link":"https:\/\/www.raulmayoral.es\/index.php\/2024\/08\/13\/13-de-agosto-san-juan-berchmans-1599-1621\/","title":{"rendered":"13 de agosto. San Juan Berchmans (1599-1621)"},"content":{"rendered":"\n<p class=\"wp-block-paragraph\">Nacido en Diest, en lo que hoy es B\u00e9lgica, cerca de Lovaina, <strong>Juan<\/strong> era muy devoto, con un ambiente familiar que debi\u00f3 de ayudarle en este sentido (su padre y dos de sus hermanos se hicieron religiosos tambi\u00e9n). Estudi\u00f3 en Malinas, donde en 1616 ingres\u00f3 en la Compa\u00f1\u00eda de Jes\u00fas, forj\u00e1ndose ambiciosos proyectos misionales: quer\u00eda ir a China. Para completar sus estudios se le mand\u00f3 a Roma.<\/p>\n\n\n\n<p class=\"wp-block-paragraph\">Era un novicio rebosante de bondad y serenidad, jovial y cumplidor, aunque sufriendo mucho por los rigores de la vida comunitaria, que \u00e9l llamaba \u00abmi mayor penitencia\u00bb. Era un muchacho que ten\u00eda mucha prisa. \u00abSi no me hago santo ahora que soy joven no lo ser\u00e9 nunca\u00bb, dec\u00eda, como si supiera que iba a tener poco tiempo. A los veintid\u00f3s a\u00f1os un resfriado degener\u00f3 en una grave enfermedad, y en pleno mes de agosto, abrazado a la cruz, al Rosario y al libro de la orden (\u00ab\u00a1Con esto morir\u00e9 contento!\u00bb) mor\u00eda del modo m\u00e1s edificante.<\/p>\n\n\n\n<p class=\"wp-block-paragraph\"><strong>San Juan Berchmans<\/strong> es patr\u00f3n de la juventud, en uni\u00f3n de los otros dos j\u00f3venes santos jesuitas, <strong>San Luis Gonzaga<\/strong> y<strong> San Estanislao de Kostka<\/strong>. No nos cansamos de mirar el impresionante retrato, hecho sobre su mascarilla mortuoria, que se conserva en el convento romano de las benedictinas de V\u00eda di Tor de Specchi. La gravedad de la mirada y la finura de los rasgos lo alejan de cualquier imagen convencional de piedad \u00f1o\u00f1a: tiene como un reflejo luminoso interior por el que se asoma a la cara algo tan profundo que convierte el rostro de un adolescente en espejo de lo invisible.<\/p>\n\n\n\n<p class=\"wp-block-paragraph\">Fuente: <em>La Casa de los Santos. Un Santo para cada d\u00eda<\/em>. Carlos Pujol. <\/p>\n","protected":false},"excerpt":{"rendered":"<p>Nacido en Diest, en lo que hoy es B\u00e9lgica, cerca de Lovaina, Juan era muy devoto, con un ambiente familiar que debi\u00f3 de ayudarle en este sentido (su padre y dos de sus hermanos se hicieron religiosos tambi\u00e9n). Estudi\u00f3 en Malinas, donde en 1616 ingres\u00f3 en la Compa\u00f1\u00eda de Jes\u00fas, forj\u00e1ndose ambiciosos proyectos misionales: quer\u00eda [&hellip;]<\/p>\n","protected":false},"author":1,"featured_media":2697,"comment_status":"open","ping_status":"open","sticky":false,"template":"","format":"standard","meta":{"_crdt_document":"","om_disable_all_campaigns":false,"_monsterinsights_skip_tracking":false,"_monsterinsights_sitenote_active":false,"_monsterinsights_sitenote_note":"","_monsterinsights_sitenote_category":0,"_uf_show_specific_survey":0,"_uf_disable_surveys":false,"jetpack_post_was_ever_published":false,"_jetpack_newsletter_access":"","_jetpack_dont_email_post_to_subs":false,"_jetpack_newsletter_tier_id":0,"_jetpack_memberships_contains_paywalled_content":false,"_jetpack_memberships_contains_paid_content":false,"footnotes":"","jetpack_publicize_message":"","jetpack_publicize_feature_enabled":true,"jetpack_social_post_already_shared":false,"jetpack_social_options":{"image_generator_settings":{"template":"highway","default_image_id":0,"font":"","enabled":false},"version":2}},"categories":[32],"tags":[],"class_list":["post-2696","post","type-post","status-publish","format-standard","has-post-thumbnail","hentry","category-santoral"],"aioseo_notices":[],"jetpack_publicize_connections":[],"jetpack_featured_media_url":"https:\/\/i0.wp.com\/www.raulmayoral.es\/wp-content\/uploads\/2024\/08\/13-agosto.jpg?fit=975%2C1468&ssl=1","jetpack-related-posts":[],"jetpack_sharing_enabled":true,"_links":{"self":[{"href":"https:\/\/www.raulmayoral.es\/index.php\/wp-json\/wp\/v2\/posts\/2696","targetHints":{"allow":["GET"]}}],"collection":[{"href":"https:\/\/www.raulmayoral.es\/index.php\/wp-json\/wp\/v2\/posts"}],"about":[{"href":"https:\/\/www.raulmayoral.es\/index.php\/wp-json\/wp\/v2\/types\/post"}],"author":[{"embeddable":true,"href":"https:\/\/www.raulmayoral.es\/index.php\/wp-json\/wp\/v2\/users\/1"}],"replies":[{"embeddable":true,"href":"https:\/\/www.raulmayoral.es\/index.php\/wp-json\/wp\/v2\/comments?post=2696"}],"version-history":[{"count":4,"href":"https:\/\/www.raulmayoral.es\/index.php\/wp-json\/wp\/v2\/posts\/2696\/revisions"}],"predecessor-version":[{"id":3377,"href":"https:\/\/www.raulmayoral.es\/index.php\/wp-json\/wp\/v2\/posts\/2696\/revisions\/3377"}],"wp:featuredmedia":[{"embeddable":true,"href":"https:\/\/www.raulmayoral.es\/index.php\/wp-json\/wp\/v2\/media\/2697"}],"wp:attachment":[{"href":"https:\/\/www.raulmayoral.es\/index.php\/wp-json\/wp\/v2\/media?parent=2696"}],"wp:term":[{"taxonomy":"category","embeddable":true,"href":"https:\/\/www.raulmayoral.es\/index.php\/wp-json\/wp\/v2\/categories?post=2696"},{"taxonomy":"post_tag","embeddable":true,"href":"https:\/\/www.raulmayoral.es\/index.php\/wp-json\/wp\/v2\/tags?post=2696"}],"curies":[{"name":"wp","href":"https:\/\/api.w.org\/{rel}","templated":true}]}}