{"id":2709,"date":"2024-08-15T17:09:53","date_gmt":"2024-08-15T15:09:53","guid":{"rendered":"https:\/\/www.raulmayoral.es\/?p=2709"},"modified":"2024-08-15T17:10:12","modified_gmt":"2024-08-15T15:10:12","slug":"15-de-agosto-asuncion-de-la-virgen","status":"publish","type":"post","link":"https:\/\/www.raulmayoral.es\/index.php\/2024\/08\/15\/15-de-agosto-asuncion-de-la-virgen\/","title":{"rendered":"15 de agosto. Asunci\u00f3n de la Virgen"},"content":{"rendered":"\n<p class=\"wp-block-paragraph\">La Virgen de Agosto, as\u00ed llamada popularmente es la festividad de la asunci\u00f3n de Nuestra Se\u00f1ora. La Sant\u00edsima Virgen, con el superlativo que le es propio, muerta o dormida, seg\u00fan el amor filial de los orientales, y luego elevada a los Cielos para preservarla de la corrupci\u00f3n, glorificando antes de que resucite toda carne el cuerpo en el que se hab\u00eda encarnado el Hijo de <strong>Dios<\/strong>.<\/p>\n\n\n\n<p class=\"wp-block-paragraph\">Es el m\u00e1s reciente de los dogmas marianos, proclamado como tal por <strong>P\u00edo XII<\/strong> en 1950, pero con una largu\u00edsima historia de fe de la Iglesia que se remonta al siglo IV; poco despu\u00e9s se celebra ya en Oriente la llamada Dormici\u00f3n de Nuestra Se\u00f1ora, y la liturgia occidental ten\u00eda ya esta fiesta hacia el a\u00f1o 600.<\/p>\n\n\n\n<p class=\"wp-block-paragraph\">Las controversias de la edad moderna y sobre todo la oposici\u00f3n de los jansenistas, siempre tan poco marianos y tan poco cat\u00f3licos, hizo surgir un ej\u00e9rcito de defensores de este privilegio de la Virgen: <strong>Su\u00e1rez<\/strong>, <strong>Bossuet<\/strong>, <strong>San Francisco de Sales<\/strong>, <strong>San Alfonso Mar\u00eda de Ligorio<\/strong>&#8230; Pintores espl\u00e9ndidos de pompa triunfal como <strong>Rafael<\/strong>, <strong>Murillo<\/strong>, <strong>Tiziano<\/strong>, <strong>Rubens<\/strong>&#8230;<\/p>\n\n\n\n<p class=\"wp-block-paragraph\">Hasta que el convencimiento de siglos se hace dogma. Reflejo en su propia madre de la ascensi\u00f3n de <strong>Jesucristo<\/strong>, <strong>Mar\u00eda<\/strong> se anticipa abriendo el camino a toda la Iglesia en su glorificaci\u00f3n final.<\/p>\n\n\n\n<p class=\"wp-block-paragraph\">Fuente: <em>La casa de los Santos. Un Santo para cada d\u00eda<\/em>. Carlos Pujol.<\/p>\n","protected":false},"excerpt":{"rendered":"<p>La Virgen de Agosto, as\u00ed llamada popularmente es la festividad de la asunci\u00f3n de Nuestra Se\u00f1ora. La Sant\u00edsima Virgen, con el superlativo que le es propio, muerta o dormida, seg\u00fan el amor filial de los orientales, y luego elevada a los Cielos para preservarla de la corrupci\u00f3n, glorificando antes de que resucite toda carne el [&hellip;]<\/p>\n","protected":false},"author":1,"featured_media":2710,"comment_status":"open","ping_status":"open","sticky":false,"template":"","format":"standard","meta":{"_crdt_document":"","om_disable_all_campaigns":false,"_monsterinsights_skip_tracking":false,"_monsterinsights_sitenote_active":false,"_monsterinsights_sitenote_note":"","_monsterinsights_sitenote_category":0,"_uf_show_specific_survey":0,"_uf_disable_surveys":false,"jetpack_post_was_ever_published":false,"_jetpack_newsletter_access":"","_jetpack_dont_email_post_to_subs":false,"_jetpack_newsletter_tier_id":0,"_jetpack_memberships_contains_paywalled_content":false,"_jetpack_memberships_contains_paid_content":false,"footnotes":"","jetpack_publicize_message":"","jetpack_publicize_feature_enabled":true,"jetpack_social_post_already_shared":false,"jetpack_social_options":{"image_generator_settings":{"template":"highway","default_image_id":0,"font":"","enabled":false},"version":2}},"categories":[32],"tags":[],"class_list":["post-2709","post","type-post","status-publish","format-standard","has-post-thumbnail","hentry","category-santoral"],"aioseo_notices":[],"jetpack_publicize_connections":[],"jetpack_featured_media_url":"https:\/\/i0.wp.com\/www.raulmayoral.es\/wp-content\/uploads\/2024\/08\/15-agosto.jpg?fit=199%2C253&ssl=1","jetpack-related-posts":[],"jetpack_sharing_enabled":true,"_links":{"self":[{"href":"https:\/\/www.raulmayoral.es\/index.php\/wp-json\/wp\/v2\/posts\/2709","targetHints":{"allow":["GET"]}}],"collection":[{"href":"https:\/\/www.raulmayoral.es\/index.php\/wp-json\/wp\/v2\/posts"}],"about":[{"href":"https:\/\/www.raulmayoral.es\/index.php\/wp-json\/wp\/v2\/types\/post"}],"author":[{"embeddable":true,"href":"https:\/\/www.raulmayoral.es\/index.php\/wp-json\/wp\/v2\/users\/1"}],"replies":[{"embeddable":true,"href":"https:\/\/www.raulmayoral.es\/index.php\/wp-json\/wp\/v2\/comments?post=2709"}],"version-history":[{"count":1,"href":"https:\/\/www.raulmayoral.es\/index.php\/wp-json\/wp\/v2\/posts\/2709\/revisions"}],"predecessor-version":[{"id":2711,"href":"https:\/\/www.raulmayoral.es\/index.php\/wp-json\/wp\/v2\/posts\/2709\/revisions\/2711"}],"wp:featuredmedia":[{"embeddable":true,"href":"https:\/\/www.raulmayoral.es\/index.php\/wp-json\/wp\/v2\/media\/2710"}],"wp:attachment":[{"href":"https:\/\/www.raulmayoral.es\/index.php\/wp-json\/wp\/v2\/media?parent=2709"}],"wp:term":[{"taxonomy":"category","embeddable":true,"href":"https:\/\/www.raulmayoral.es\/index.php\/wp-json\/wp\/v2\/categories?post=2709"},{"taxonomy":"post_tag","embeddable":true,"href":"https:\/\/www.raulmayoral.es\/index.php\/wp-json\/wp\/v2\/tags?post=2709"}],"curies":[{"name":"wp","href":"https:\/\/api.w.org\/{rel}","templated":true}]}}