{"id":2766,"date":"2024-09-03T12:24:51","date_gmt":"2024-09-03T10:24:51","guid":{"rendered":"https:\/\/www.raulmayoral.es\/?p=2766"},"modified":"2024-09-13T11:57:23","modified_gmt":"2024-09-13T09:57:23","slug":"3-de-septiembre-san-gregorio-el-grande-540-604","status":"publish","type":"post","link":"https:\/\/www.raulmayoral.es\/index.php\/2024\/09\/03\/3-de-septiembre-san-gregorio-el-grande-540-604\/","title":{"rendered":"3 de septiembre. San Gregorio el Grande (540-604)"},"content":{"rendered":"\n<p class=\"wp-block-paragraph\">Todo parece derrumbarse: El T\u00edber se desborda, la peste diezma la ciudad, brotan las herej\u00edas por todas partes, desde el norte los lombardos amenazan con engullir Italia entera y los bizantinos resultan amos orgullosos e inc\u00f3modos. Roma, humillada y desmoralizada, entre ruinas y grandes recuerdos, cree ver acercarse su final. Pero el pueblo elige por aclamaci\u00f3n a un papa y santo llamado <strong>Gregorio<\/strong>. <\/p>\n\n\n\n<p class=\"wp-block-paragraph\">Tiene cincuenta a\u00f1os, de familia patricia, <em>perfectus Urbis<\/em>, pero lo deja todo para hacerse benedictino. M\u00e1s tarde ser\u00e1 nuncio de Constantinopla, buena experiencia de la tortuosa diplomacia de Bizancio. Cuando lo eligen Papa, su primera reacci\u00f3n fue sobornar a unos mercaderes para que le ayuden a huir de Roma. No hay escapatoria. En estos tiempos de desolaci\u00f3n y cat\u00e1strofe (\u00abeste mundo es una antorcha ya apagada\u00bb nos dice) ser\u00e1 un Papa tan grande que adopta el t\u00edtulo de \u00absiervo de los siervos de Dios\u00bb para subrayar la humildad servicial del que ocupa la Silla de <strong>Pedro<\/strong>, y que rige la Cristiandad de un modo firme, inteligent\u00edsimo y eficaz.<\/p>\n\n\n\n<p class=\"wp-block-paragraph\">Pacta con la fuerza bruta de los lombardos y para los pies a la altivez de Constantinopla, sofoca cismas, manda misioneros a Inglaterra, socorre a los desvalidos, exige piedad y pobreza a los religiosos, adoctrina a los fieles y ejerce muy bien la autoridad. Aunque su nombre va unido al canto llamado \u00abgregoriano\u00bb, sin embargo en la historia de la santidad <strong>San Gregorio el Grande <\/strong>representa sobre todo la primac\u00eda de lo espiritual que conlleva el secreto de manejar admirablemente las desde\u00f1adas cosas terrenales. <\/p>\n\n\n\n<p class=\"wp-block-paragraph\">Fuente: <em>La casa de los Santos. Un Santo para cada d\u00eda<\/em>. Carlos Pujol.<\/p>\n","protected":false},"excerpt":{"rendered":"<p>Todo parece derrumbarse: El T\u00edber se desborda, la peste diezma la ciudad, brotan las herej\u00edas por todas partes, desde el norte los lombardos amenazan con engullir Italia entera y los bizantinos resultan amos orgullosos e inc\u00f3modos. Roma, humillada y desmoralizada, entre ruinas y grandes recuerdos, cree ver acercarse su final. Pero el pueblo elige por [&hellip;]<\/p>\n","protected":false},"author":1,"featured_media":2769,"comment_status":"open","ping_status":"open","sticky":false,"template":"","format":"standard","meta":{"_crdt_document":"","om_disable_all_campaigns":false,"_monsterinsights_skip_tracking":false,"_monsterinsights_sitenote_active":false,"_monsterinsights_sitenote_note":"","_monsterinsights_sitenote_category":0,"_uf_show_specific_survey":0,"_uf_disable_surveys":false,"jetpack_post_was_ever_published":false,"_jetpack_newsletter_access":"","_jetpack_dont_email_post_to_subs":false,"_jetpack_newsletter_tier_id":0,"_jetpack_memberships_contains_paywalled_content":false,"_jetpack_memberships_contains_paid_content":false,"footnotes":"","jetpack_publicize_message":"","jetpack_publicize_feature_enabled":true,"jetpack_social_post_already_shared":false,"jetpack_social_options":{"image_generator_settings":{"template":"highway","default_image_id":0,"font":"","enabled":false},"version":2}},"categories":[32],"tags":[],"class_list":["post-2766","post","type-post","status-publish","format-standard","has-post-thumbnail","hentry","category-santoral"],"aioseo_notices":[],"jetpack_publicize_connections":[],"jetpack_featured_media_url":"https:\/\/i0.wp.com\/www.raulmayoral.es\/wp-content\/uploads\/2024\/09\/3-de-septiembre-1.jpg?fit=492%2C645&ssl=1","jetpack-related-posts":[],"jetpack_sharing_enabled":true,"_links":{"self":[{"href":"https:\/\/www.raulmayoral.es\/index.php\/wp-json\/wp\/v2\/posts\/2766","targetHints":{"allow":["GET"]}}],"collection":[{"href":"https:\/\/www.raulmayoral.es\/index.php\/wp-json\/wp\/v2\/posts"}],"about":[{"href":"https:\/\/www.raulmayoral.es\/index.php\/wp-json\/wp\/v2\/types\/post"}],"author":[{"embeddable":true,"href":"https:\/\/www.raulmayoral.es\/index.php\/wp-json\/wp\/v2\/users\/1"}],"replies":[{"embeddable":true,"href":"https:\/\/www.raulmayoral.es\/index.php\/wp-json\/wp\/v2\/comments?post=2766"}],"version-history":[{"count":1,"href":"https:\/\/www.raulmayoral.es\/index.php\/wp-json\/wp\/v2\/posts\/2766\/revisions"}],"predecessor-version":[{"id":2768,"href":"https:\/\/www.raulmayoral.es\/index.php\/wp-json\/wp\/v2\/posts\/2766\/revisions\/2768"}],"wp:featuredmedia":[{"embeddable":true,"href":"https:\/\/www.raulmayoral.es\/index.php\/wp-json\/wp\/v2\/media\/2769"}],"wp:attachment":[{"href":"https:\/\/www.raulmayoral.es\/index.php\/wp-json\/wp\/v2\/media?parent=2766"}],"wp:term":[{"taxonomy":"category","embeddable":true,"href":"https:\/\/www.raulmayoral.es\/index.php\/wp-json\/wp\/v2\/categories?post=2766"},{"taxonomy":"post_tag","embeddable":true,"href":"https:\/\/www.raulmayoral.es\/index.php\/wp-json\/wp\/v2\/tags?post=2766"}],"curies":[{"name":"wp","href":"https:\/\/api.w.org\/{rel}","templated":true}]}}