{"id":2775,"date":"2024-09-05T09:45:18","date_gmt":"2024-09-05T07:45:18","guid":{"rendered":"https:\/\/www.raulmayoral.es\/?p=2775"},"modified":"2024-09-05T09:45:20","modified_gmt":"2024-09-05T07:45:20","slug":"5-de-septiembre-santa-teresa-de-calcuta-1910-1997","status":"publish","type":"post","link":"https:\/\/www.raulmayoral.es\/index.php\/2024\/09\/05\/5-de-septiembre-santa-teresa-de-calcuta-1910-1997\/","title":{"rendered":"5 de septiembre. Santa Teresa de Calcuta (1910-1997)"},"content":{"rendered":"\n<p class=\"wp-block-paragraph\">Hija peque\u00f1a de una familia \u00abcon posibles\u00bb, <strong>Agnes Gonxha Bojaxhiu<\/strong> naci\u00f3 en Skopie, capital de Macedonia del Norte. A los dieciocho a\u00f1os ingres\u00f3 de postulante en las Hermanas de Loreto. Tras hacer los votos en 1931, fue profesora del Colegio Santa Mar\u00eda de Entally, al este de Calcuta. Por su devoci\u00f3n a la santa de Lisieux, pidi\u00f3 ser llamada <strong>Th\u00e9r\u00e8se<\/strong>, pero al haberlo escogido antes otra mujer del convento, castellaniz\u00f3 su nombre por el de <strong>Teresa<\/strong>.<\/p>\n\n\n\n<p class=\"wp-block-paragraph\">En 1946 sinti\u00f3 que <strong>Dios<\/strong> le ped\u00eda algo nuevo. Ella mismo lo defini\u00f3 como una \u00abllamada dentro de la llamada\u00bb. Una misi\u00f3n de caridad extrema frente a los leprosos, lisiados, ciegos, hu\u00e9rfanos&#8230;, a los que se entreg\u00f3 completamente desde 1948, primero en Calcuta y luego en todo el mundo. La Santa Sede dio autorizaci\u00f3n jur\u00eddica a las Misioneras de la Caridad para dedicarse a \u00ablos pobres de entre los pobres\u00bb, como dijo su fundadora.<\/p>\n\n\n\n<p class=\"wp-block-paragraph\">Abandon\u00f3 su antiguo convento con cinco rupias en el bolsillo. La congregaci\u00f3n empez\u00f3 con trece miembros, y fue creciendo con mucha fe y hondos sacrificios (econ\u00f3micos, pero tambi\u00e9n de aridez espiritual \u00edntima, calumnias, malentendidos) hasta sobrepasar los cinco mil. La fama de la <strong>Madre Teresa <\/strong>s\u00f3lo fue comparable a la de dos amigos suyos, <strong>Lady Di<\/strong> y <strong>San Juan Pablo II<\/strong>, que la beatific\u00f3 en 2003. Esta frase de <strong>Santa Teresa de Calcuta<\/strong> refleja su santidad: \u00abJam\u00e1s he visto cerr\u00e1rseme ninguna puerta. Creo que todos ven que no voy a pedir, sino a dar. Hoy d\u00eda est\u00e1 de moda hablar de los pobres pero, por desgracia, no lo est\u00e1 hablar con  ellos\u00bb.  <\/p>\n\n\n\n<p class=\"wp-block-paragraph\">Fuente: <em>La casa de los Santos. Un Santo para cada d\u00eda<\/em>. Carlos Pujol.<\/p>\n","protected":false},"excerpt":{"rendered":"<p>Hija peque\u00f1a de una familia \u00abcon posibles\u00bb, Agnes Gonxha Bojaxhiu naci\u00f3 en Skopie, capital de Macedonia del Norte. A los dieciocho a\u00f1os ingres\u00f3 de postulante en las Hermanas de Loreto. Tras hacer los votos en 1931, fue profesora del Colegio Santa Mar\u00eda de Entally, al este de Calcuta. Por su devoci\u00f3n a la santa de [&hellip;]<\/p>\n","protected":false},"author":1,"featured_media":2776,"comment_status":"open","ping_status":"open","sticky":false,"template":"","format":"standard","meta":{"_crdt_document":"","om_disable_all_campaigns":false,"_monsterinsights_skip_tracking":false,"_monsterinsights_sitenote_active":false,"_monsterinsights_sitenote_note":"","_monsterinsights_sitenote_category":0,"_uf_show_specific_survey":0,"_uf_disable_surveys":false,"jetpack_post_was_ever_published":false,"_jetpack_newsletter_access":"","_jetpack_dont_email_post_to_subs":false,"_jetpack_newsletter_tier_id":0,"_jetpack_memberships_contains_paywalled_content":false,"_jetpack_memberships_contains_paid_content":false,"footnotes":"","jetpack_publicize_message":"","jetpack_publicize_feature_enabled":true,"jetpack_social_post_already_shared":false,"jetpack_social_options":{"image_generator_settings":{"template":"highway","default_image_id":0,"font":"","enabled":false},"version":2}},"categories":[32],"tags":[],"class_list":["post-2775","post","type-post","status-publish","format-standard","has-post-thumbnail","hentry","category-santoral"],"aioseo_notices":[],"jetpack_publicize_connections":[],"jetpack_featured_media_url":"https:\/\/i0.wp.com\/www.raulmayoral.es\/wp-content\/uploads\/2024\/09\/5-septiembre.jpg?fit=301%2C167&ssl=1","jetpack-related-posts":[],"jetpack_sharing_enabled":true,"_links":{"self":[{"href":"https:\/\/www.raulmayoral.es\/index.php\/wp-json\/wp\/v2\/posts\/2775","targetHints":{"allow":["GET"]}}],"collection":[{"href":"https:\/\/www.raulmayoral.es\/index.php\/wp-json\/wp\/v2\/posts"}],"about":[{"href":"https:\/\/www.raulmayoral.es\/index.php\/wp-json\/wp\/v2\/types\/post"}],"author":[{"embeddable":true,"href":"https:\/\/www.raulmayoral.es\/index.php\/wp-json\/wp\/v2\/users\/1"}],"replies":[{"embeddable":true,"href":"https:\/\/www.raulmayoral.es\/index.php\/wp-json\/wp\/v2\/comments?post=2775"}],"version-history":[{"count":1,"href":"https:\/\/www.raulmayoral.es\/index.php\/wp-json\/wp\/v2\/posts\/2775\/revisions"}],"predecessor-version":[{"id":2777,"href":"https:\/\/www.raulmayoral.es\/index.php\/wp-json\/wp\/v2\/posts\/2775\/revisions\/2777"}],"wp:featuredmedia":[{"embeddable":true,"href":"https:\/\/www.raulmayoral.es\/index.php\/wp-json\/wp\/v2\/media\/2776"}],"wp:attachment":[{"href":"https:\/\/www.raulmayoral.es\/index.php\/wp-json\/wp\/v2\/media?parent=2775"}],"wp:term":[{"taxonomy":"category","embeddable":true,"href":"https:\/\/www.raulmayoral.es\/index.php\/wp-json\/wp\/v2\/categories?post=2775"},{"taxonomy":"post_tag","embeddable":true,"href":"https:\/\/www.raulmayoral.es\/index.php\/wp-json\/wp\/v2\/tags?post=2775"}],"curies":[{"name":"wp","href":"https:\/\/api.w.org\/{rel}","templated":true}]}}