{"id":2778,"date":"2024-09-06T14:21:21","date_gmt":"2024-09-06T12:21:21","guid":{"rendered":"https:\/\/www.raulmayoral.es\/?p=2778"},"modified":"2024-09-06T14:21:24","modified_gmt":"2024-09-06T12:21:24","slug":"6-de-septiembre-san-eleuterio-siglo-vi","status":"publish","type":"post","link":"https:\/\/www.raulmayoral.es\/index.php\/2024\/09\/06\/6-de-septiembre-san-eleuterio-siglo-vi\/","title":{"rendered":"6 de septiembre. San Eleuterio (siglo VI)"},"content":{"rendered":"\n<p class=\"wp-block-paragraph\">Abad del monasterio de <strong>San Marcos Evangelista<\/strong> en Espoleto, todo lo que sabemos de este <strong>Eleuterio<\/strong> se debe a su amigo el Papa<strong> San Gregorio el Grande<\/strong>, que convers\u00f3 con \u00e9l en Roma, donde muri\u00f3. \u00abFue de tanta virtud, dice el pont\u00edfice, que con sus oraciones resucit\u00f3 un muerto\u00bb. Asimismo, el propio Papa le atribuye al santo la curaci\u00f3n de una enfermedad que \u00e9l padec\u00eda, bastando con una bendici\u00f3n del santo abad para que San Gregorio no volviera a padecer los efectos de su mal.<\/p>\n\n\n\n<p class=\"wp-block-paragraph\">Pero si Eleuterio es conocido no fue por sus m\u00e9ritos, que deb\u00edan ser much\u00edsimos, sino por una debilidad que nos aproxima m\u00e1s a \u00e9l; no es el santo impecable, sino el que es v\u00edctima de un momento de flaqueza. Ciertas monjas le encomendaron la custodia de un ni\u00f1o atormentado por el Diablo, y como tras muchos d\u00edas el Maligno no se manifestaba, el abad coment\u00f3 a sus monjes con cierta vanidad: El Diablo se burla de las religiosas pero conmigo no se atreve. Al instante el Demonio volvi\u00f3 a apoderarse del ni\u00f1o.<\/p>\n\n\n\n<p class=\"wp-block-paragraph\"><strong>San Eleuterio <\/strong>comprendi\u00f3 que sus palabras hab\u00edan incurrido en vanagloria. Reconoci\u00f3 su culpa, llor\u00f3 por ello amargamente y pidi\u00f3 a todo el monasterio que orase e hiciera penitencia. La soberbia hizo que el Diablo volviese a sentirse en terreno propio. Se necesit\u00f3 la colaboraci\u00f3n de todos para echarle. <\/p>\n\n\n\n<p class=\"wp-block-paragraph\">Fuente: <em>La casa de los Santos. Un Santo para cada d\u00eda<\/em>. Carlos Pujol.<\/p>\n","protected":false},"excerpt":{"rendered":"<p>Abad del monasterio de San Marcos Evangelista en Espoleto, todo lo que sabemos de este Eleuterio se debe a su amigo el Papa San Gregorio el Grande, que convers\u00f3 con \u00e9l en Roma, donde muri\u00f3. \u00abFue de tanta virtud, dice el pont\u00edfice, que con sus oraciones resucit\u00f3 un muerto\u00bb. Asimismo, el propio Papa le atribuye [&hellip;]<\/p>\n","protected":false},"author":1,"featured_media":2779,"comment_status":"open","ping_status":"open","sticky":false,"template":"","format":"standard","meta":{"_crdt_document":"","om_disable_all_campaigns":false,"_monsterinsights_skip_tracking":false,"_monsterinsights_sitenote_active":false,"_monsterinsights_sitenote_note":"","_monsterinsights_sitenote_category":0,"_uf_show_specific_survey":0,"_uf_disable_surveys":false,"jetpack_post_was_ever_published":false,"_jetpack_newsletter_access":"","_jetpack_dont_email_post_to_subs":false,"_jetpack_newsletter_tier_id":0,"_jetpack_memberships_contains_paywalled_content":false,"_jetpack_memberships_contains_paid_content":false,"footnotes":"","jetpack_publicize_message":"","jetpack_publicize_feature_enabled":true,"jetpack_social_post_already_shared":false,"jetpack_social_options":{"image_generator_settings":{"template":"highway","default_image_id":0,"font":"","enabled":false},"version":2}},"categories":[32],"tags":[],"class_list":["post-2778","post","type-post","status-publish","format-standard","has-post-thumbnail","hentry","category-santoral"],"aioseo_notices":[],"jetpack_publicize_connections":[],"jetpack_featured_media_url":"https:\/\/i0.wp.com\/www.raulmayoral.es\/wp-content\/uploads\/2024\/09\/6-de-septiembre.jpg?fit=300%2C402&ssl=1","jetpack-related-posts":[],"jetpack_sharing_enabled":true,"_links":{"self":[{"href":"https:\/\/www.raulmayoral.es\/index.php\/wp-json\/wp\/v2\/posts\/2778","targetHints":{"allow":["GET"]}}],"collection":[{"href":"https:\/\/www.raulmayoral.es\/index.php\/wp-json\/wp\/v2\/posts"}],"about":[{"href":"https:\/\/www.raulmayoral.es\/index.php\/wp-json\/wp\/v2\/types\/post"}],"author":[{"embeddable":true,"href":"https:\/\/www.raulmayoral.es\/index.php\/wp-json\/wp\/v2\/users\/1"}],"replies":[{"embeddable":true,"href":"https:\/\/www.raulmayoral.es\/index.php\/wp-json\/wp\/v2\/comments?post=2778"}],"version-history":[{"count":1,"href":"https:\/\/www.raulmayoral.es\/index.php\/wp-json\/wp\/v2\/posts\/2778\/revisions"}],"predecessor-version":[{"id":2780,"href":"https:\/\/www.raulmayoral.es\/index.php\/wp-json\/wp\/v2\/posts\/2778\/revisions\/2780"}],"wp:featuredmedia":[{"embeddable":true,"href":"https:\/\/www.raulmayoral.es\/index.php\/wp-json\/wp\/v2\/media\/2779"}],"wp:attachment":[{"href":"https:\/\/www.raulmayoral.es\/index.php\/wp-json\/wp\/v2\/media?parent=2778"}],"wp:term":[{"taxonomy":"category","embeddable":true,"href":"https:\/\/www.raulmayoral.es\/index.php\/wp-json\/wp\/v2\/categories?post=2778"},{"taxonomy":"post_tag","embeddable":true,"href":"https:\/\/www.raulmayoral.es\/index.php\/wp-json\/wp\/v2\/tags?post=2778"}],"curies":[{"name":"wp","href":"https:\/\/api.w.org\/{rel}","templated":true}]}}