{"id":2784,"date":"2024-09-08T18:14:22","date_gmt":"2024-09-08T16:14:22","guid":{"rendered":"https:\/\/www.raulmayoral.es\/?p=2784"},"modified":"2025-09-08T09:35:27","modified_gmt":"2025-09-08T07:35:27","slug":"8-de-septiembre-natividad-de-la-virgen","status":"publish","type":"post","link":"https:\/\/www.raulmayoral.es\/index.php\/2024\/09\/08\/8-de-septiembre-natividad-de-la-virgen\/","title":{"rendered":"8 de septiembre. Natividad de la Virgen"},"content":{"rendered":"\n<p class=\"wp-block-paragraph\">La Virgen de septiembre es fiesta muy antigua que empez\u00f3 a celebrarse en Oriente y que ya antes del a\u00f1o 700 era en Roma una de las solemnidades marianas. Conmemora el primer episodio de la Redenci\u00f3n, a la que anuncia, como dicen con garbo popular los versos de <strong>Lope de Vega<\/strong>:<\/p>\n\n\n\n<p class=\"wp-block-paragraph\">Canten hoy, pues nac\u00e9is vos, <\/p>\n\n\n\n<p class=\"wp-block-paragraph\">los \u00e1ngeles, gran Se\u00f1ora, <\/p>\n\n\n\n<p class=\"wp-block-paragraph\">y ens\u00e1yense desde ahora<\/p>\n\n\n\n<p class=\"wp-block-paragraph\">para cuando nazca Dios.<\/p>\n\n\n\n<p class=\"wp-block-paragraph\">La Virgen nace discret\u00edsimamente, con serena majestad, sin olvidar los detalles cotidianos. As\u00ed pinta su nacimiento <strong>Giotto <\/strong>en la capilla paduana de los <strong>Scrovegni<\/strong>, como queriendo transmitir la lecci\u00f3n del hecho trascendental que irrumpe en la vida com\u00fan sin turbarla. Un himno an\u00f3nimo, del siglo VII, el <em>Ave maris stella<\/em>, explica con mucha sencillez lo que empieza en este d\u00eda: Santa Madre del Verbo, perpetua Virgen, puerta feliz del Cielo, y en seguida pide: <em>Monstra te esse matrem<\/em>, Demuestra que eres madre. <em>Virgo singularis<\/em>, Oh doncella \u00fanica, libres ya de pecados haznos buenos y puros, y en un inciso proclama el gran elogio: <em>Inter omnes mitis<\/em>, Benigna como nadie. M\u00e1s llanamente: T\u00fa s\u00ed que eres buena.<\/p>\n\n\n\n<p class=\"wp-block-paragraph\"><strong>Mar\u00eda<\/strong> naci\u00f3 con un fin que no puede estar m\u00e1s claro: <em>Ut videns Jesum, semper collaetemur<\/em>. Para que viendo a <strong>Cristo <\/strong>siempre nos alegremos.<\/p>\n\n\n\n<p class=\"wp-block-paragraph\">Fuente: <em>La casa de los Santos. Un Santo para cada d\u00eda<\/em>. Carlos Pujol.<\/p>\n","protected":false},"excerpt":{"rendered":"<p>La Virgen de septiembre es fiesta muy antigua que empez\u00f3 a celebrarse en Oriente y que ya antes del a\u00f1o 700 era en Roma una de las solemnidades marianas. Conmemora el primer episodio de la Redenci\u00f3n, a la que anuncia, como dicen con garbo popular los versos de Lope de Vega: Canten hoy, pues nac\u00e9is [&hellip;]<\/p>\n","protected":false},"author":1,"featured_media":2785,"comment_status":"open","ping_status":"open","sticky":false,"template":"","format":"standard","meta":{"_crdt_document":"","om_disable_all_campaigns":false,"_monsterinsights_skip_tracking":false,"_monsterinsights_sitenote_active":false,"_monsterinsights_sitenote_note":"","_monsterinsights_sitenote_category":0,"_uf_show_specific_survey":0,"_uf_disable_surveys":false,"jetpack_post_was_ever_published":false,"_jetpack_newsletter_access":"","_jetpack_dont_email_post_to_subs":false,"_jetpack_newsletter_tier_id":0,"_jetpack_memberships_contains_paywalled_content":false,"_jetpack_memberships_contains_paid_content":false,"footnotes":"","jetpack_publicize_message":"","jetpack_publicize_feature_enabled":true,"jetpack_social_post_already_shared":false,"jetpack_social_options":{"image_generator_settings":{"template":"highway","default_image_id":0,"font":"","enabled":false},"version":2}},"categories":[32],"tags":[],"class_list":["post-2784","post","type-post","status-publish","format-standard","has-post-thumbnail","hentry","category-santoral"],"aioseo_notices":[],"jetpack_publicize_connections":[],"jetpack_featured_media_url":"https:\/\/i0.wp.com\/www.raulmayoral.es\/wp-content\/uploads\/2024\/09\/8-septiembre.png?fit=593%2C554&ssl=1","jetpack-related-posts":[],"jetpack_sharing_enabled":true,"_links":{"self":[{"href":"https:\/\/www.raulmayoral.es\/index.php\/wp-json\/wp\/v2\/posts\/2784","targetHints":{"allow":["GET"]}}],"collection":[{"href":"https:\/\/www.raulmayoral.es\/index.php\/wp-json\/wp\/v2\/posts"}],"about":[{"href":"https:\/\/www.raulmayoral.es\/index.php\/wp-json\/wp\/v2\/types\/post"}],"author":[{"embeddable":true,"href":"https:\/\/www.raulmayoral.es\/index.php\/wp-json\/wp\/v2\/users\/1"}],"replies":[{"embeddable":true,"href":"https:\/\/www.raulmayoral.es\/index.php\/wp-json\/wp\/v2\/comments?post=2784"}],"version-history":[{"count":3,"href":"https:\/\/www.raulmayoral.es\/index.php\/wp-json\/wp\/v2\/posts\/2784\/revisions"}],"predecessor-version":[{"id":3388,"href":"https:\/\/www.raulmayoral.es\/index.php\/wp-json\/wp\/v2\/posts\/2784\/revisions\/3388"}],"wp:featuredmedia":[{"embeddable":true,"href":"https:\/\/www.raulmayoral.es\/index.php\/wp-json\/wp\/v2\/media\/2785"}],"wp:attachment":[{"href":"https:\/\/www.raulmayoral.es\/index.php\/wp-json\/wp\/v2\/media?parent=2784"}],"wp:term":[{"taxonomy":"category","embeddable":true,"href":"https:\/\/www.raulmayoral.es\/index.php\/wp-json\/wp\/v2\/categories?post=2784"},{"taxonomy":"post_tag","embeddable":true,"href":"https:\/\/www.raulmayoral.es\/index.php\/wp-json\/wp\/v2\/tags?post=2784"}],"curies":[{"name":"wp","href":"https:\/\/api.w.org\/{rel}","templated":true}]}}