{"id":2791,"date":"2024-09-10T14:23:15","date_gmt":"2024-09-10T12:23:15","guid":{"rendered":"https:\/\/www.raulmayoral.es\/?p=2791"},"modified":"2025-09-10T10:39:30","modified_gmt":"2025-09-10T08:39:30","slug":"10-de-septiembre-san-nicolas-de-tolentino-1245-1305","status":"publish","type":"post","link":"https:\/\/www.raulmayoral.es\/index.php\/2024\/09\/10\/10-de-septiembre-san-nicolas-de-tolentino-1245-1305\/","title":{"rendered":"10 de septiembre. San Nicol\u00e1s de Tolentino (1245-1305)"},"content":{"rendered":"\n<p class=\"wp-block-paragraph\">Nacido en Fermo, cerca del Adri\u00e1tico, en la marca de Ancona, <strong>Nicol\u00e1s<\/strong> recibi\u00f3 este nombre por la devoci\u00f3n que sus padres ten\u00edan a <strong>San Nicol\u00e1s de Bari<\/strong>. Perteneci\u00f3 a la orden de <strong>San Agust\u00edn<\/strong>, y residi\u00f3 la mayor parte de su vida en el convento de Tolentino, cerca de su lugar de nacimiento. <\/p>\n\n\n\n<p class=\"wp-block-paragraph\">Santo muy popular por su fama de milagrero \u00absanto de los milagros\u00bb, le llama <strong>Lope de Vega<\/strong> en una de sus comedias. Tambi\u00e9n es conocido como abogado de las almas del Purgatorio y protector de la Iglesia. Hombre de grandes mortificaciones, ayunaba de forma casi perenne, predicador ilustre, contemplativo y objeto de ins\u00f3litas manifestaciones de la predilecci\u00f3n de <strong>Dios<\/strong>: se dice que una estrella nunca vista iluminaba de cielo de Tolentino anunciando su futura gloria, y que seis meses antes de morir, todas las noches, a la hora de maitines, le daban m\u00fasica los \u00e1ngeles con lo cual \u00e9l entendi\u00f3 que se acercaba su muerte.<\/p>\n\n\n\n<p class=\"wp-block-paragraph\">Durante el proceso de canonizaci\u00f3n, aquellos a quienes <strong>San Nicol\u00e1s<\/strong> hab\u00eda confesado, declararon que era un confesor muy misericordioso, se reservaba la severidad y los malos tratos para s\u00ed mismo, pero con sus penitentes era todo benevolencia. Impon\u00eda penitencias muy leves, ya que \u00e9l se ofrec\u00eda a reparar los pecados de los dem\u00e1s disciplin\u00e1ndose y ayunando por ellos.<\/p>\n\n\n\n<p class=\"wp-block-paragraph\">Fuente: <em>La casa de los Santos. Un Santo para cada d\u00eda<\/em>. Carlos Pujol.<\/p>\n","protected":false},"excerpt":{"rendered":"<p>Nacido en Fermo, cerca del Adri\u00e1tico, en la marca de Ancona, Nicol\u00e1s recibi\u00f3 este nombre por la devoci\u00f3n que sus padres ten\u00edan a San Nicol\u00e1s de Bari. Perteneci\u00f3 a la orden de San Agust\u00edn, y residi\u00f3 la mayor parte de su vida en el convento de Tolentino, cerca de su lugar de nacimiento. Santo muy [&hellip;]<\/p>\n","protected":false},"author":1,"featured_media":2792,"comment_status":"open","ping_status":"open","sticky":false,"template":"","format":"standard","meta":{"_crdt_document":"","om_disable_all_campaigns":false,"_monsterinsights_skip_tracking":false,"_monsterinsights_sitenote_active":false,"_monsterinsights_sitenote_note":"","_monsterinsights_sitenote_category":0,"_uf_show_specific_survey":0,"_uf_disable_surveys":false,"jetpack_post_was_ever_published":false,"_jetpack_newsletter_access":"","_jetpack_dont_email_post_to_subs":false,"_jetpack_newsletter_tier_id":0,"_jetpack_memberships_contains_paywalled_content":false,"_jetpack_memberships_contains_paid_content":false,"footnotes":"","jetpack_publicize_message":"","jetpack_publicize_feature_enabled":true,"jetpack_social_post_already_shared":false,"jetpack_social_options":{"image_generator_settings":{"template":"highway","default_image_id":0,"font":"","enabled":false},"version":2}},"categories":[32],"tags":[],"class_list":["post-2791","post","type-post","status-publish","format-standard","has-post-thumbnail","hentry","category-santoral"],"aioseo_notices":[],"jetpack_publicize_connections":[],"jetpack_featured_media_url":"https:\/\/i0.wp.com\/www.raulmayoral.es\/wp-content\/uploads\/2024\/09\/10-septiembre.jpg?fit=1015%2C720&ssl=1","jetpack-related-posts":[],"jetpack_sharing_enabled":true,"_links":{"self":[{"href":"https:\/\/www.raulmayoral.es\/index.php\/wp-json\/wp\/v2\/posts\/2791","targetHints":{"allow":["GET"]}}],"collection":[{"href":"https:\/\/www.raulmayoral.es\/index.php\/wp-json\/wp\/v2\/posts"}],"about":[{"href":"https:\/\/www.raulmayoral.es\/index.php\/wp-json\/wp\/v2\/types\/post"}],"author":[{"embeddable":true,"href":"https:\/\/www.raulmayoral.es\/index.php\/wp-json\/wp\/v2\/users\/1"}],"replies":[{"embeddable":true,"href":"https:\/\/www.raulmayoral.es\/index.php\/wp-json\/wp\/v2\/comments?post=2791"}],"version-history":[{"count":4,"href":"https:\/\/www.raulmayoral.es\/index.php\/wp-json\/wp\/v2\/posts\/2791\/revisions"}],"predecessor-version":[{"id":3391,"href":"https:\/\/www.raulmayoral.es\/index.php\/wp-json\/wp\/v2\/posts\/2791\/revisions\/3391"}],"wp:featuredmedia":[{"embeddable":true,"href":"https:\/\/www.raulmayoral.es\/index.php\/wp-json\/wp\/v2\/media\/2792"}],"wp:attachment":[{"href":"https:\/\/www.raulmayoral.es\/index.php\/wp-json\/wp\/v2\/media?parent=2791"}],"wp:term":[{"taxonomy":"category","embeddable":true,"href":"https:\/\/www.raulmayoral.es\/index.php\/wp-json\/wp\/v2\/categories?post=2791"},{"taxonomy":"post_tag","embeddable":true,"href":"https:\/\/www.raulmayoral.es\/index.php\/wp-json\/wp\/v2\/tags?post=2791"}],"curies":[{"name":"wp","href":"https:\/\/api.w.org\/{rel}","templated":true}]}}