{"id":2795,"date":"2024-09-11T13:05:46","date_gmt":"2024-09-11T11:05:46","guid":{"rendered":"https:\/\/www.raulmayoral.es\/?p=2795"},"modified":"2024-09-11T13:08:22","modified_gmt":"2024-09-11T11:08:22","slug":"11-de-septiembre-san-pafnucio-280-350","status":"publish","type":"post","link":"https:\/\/www.raulmayoral.es\/index.php\/2024\/09\/11\/11-de-septiembre-san-pafnucio-280-350\/","title":{"rendered":"11 de septiembre. San Pafnucio (280-350)"},"content":{"rendered":"\n<p class=\"wp-block-paragraph\">Llevaba una vida solitaria como monje del desierto, fue disc\u00edpulo de <strong>San Antonio abad <\/strong>y se le atribuye la conversi\u00f3n de la cortesana <strong>Tais<\/strong>, introducida en el santoral el 8 de octubre. <strong>Pafnucio<\/strong> tuvo que abandonar su vida solitaria al ser nombrado obispo de la Tebaida superior. Durante una persecuci\u00f3n de cristianos fue objeto de tales torturas que perdi\u00f3 un ojo y result\u00f3 mutilado en una pierna.<\/p>\n\n\n\n<p class=\"wp-block-paragraph\">Estos padecimientos por la fe explican que se le tratara con especial deferencia en el primer Concilio de Nicea (325), el que conden\u00f3 a los arrianos, y durante el cual se dice que el emperador <strong>Constantino<\/strong> se honraba en besar la \u00f3rbita vac\u00eda del santo. Diez a\u00f1os despu\u00e9s particip\u00f3 tambi\u00e9n en el Concilio de Tiro. <\/p>\n\n\n\n<p class=\"wp-block-paragraph\">En Nicea <strong>San Pafnucio<\/strong> manifest\u00f3 criterios m\u00e1s equilibrados y abiertos que otros muchos padres conciliares que ni hab\u00edan sido monjes en la Tebaida ni hab\u00edan sufrido en sus carnes la persecuci\u00f3n como \u00e9l. Mientras algunos trataban de imponer a los obispos, sacerdotes y di\u00e1conos que estaban casados, la obligaci\u00f3n de separarse de sus esposas para continuar con su ministerio, el santo abog\u00f3 por mantener la disciplina existente hasta entonces, que prohib\u00eda contraer matrimonio despu\u00e9s de la ordenaci\u00f3n.<\/p>\n\n\n\n<p class=\"wp-block-paragraph\">Fuente: <em>La casa de los Santos. Un Santo para cada d\u00eda<\/em>. Carlos Pujol.<\/p>\n","protected":false},"excerpt":{"rendered":"<p>Llevaba una vida solitaria como monje del desierto, fue disc\u00edpulo de San Antonio abad y se le atribuye la conversi\u00f3n de la cortesana Tais, introducida en el santoral el 8 de octubre. Pafnucio tuvo que abandonar su vida solitaria al ser nombrado obispo de la Tebaida superior. Durante una persecuci\u00f3n de cristianos fue objeto de [&hellip;]<\/p>\n","protected":false},"author":1,"featured_media":2800,"comment_status":"open","ping_status":"open","sticky":false,"template":"","format":"standard","meta":{"_crdt_document":"","om_disable_all_campaigns":false,"_monsterinsights_skip_tracking":false,"_monsterinsights_sitenote_active":false,"_monsterinsights_sitenote_note":"","_monsterinsights_sitenote_category":0,"_uf_show_specific_survey":0,"_uf_disable_surveys":false,"jetpack_post_was_ever_published":false,"_jetpack_newsletter_access":"","_jetpack_dont_email_post_to_subs":false,"_jetpack_newsletter_tier_id":0,"_jetpack_memberships_contains_paywalled_content":false,"_jetpack_memberships_contains_paid_content":false,"footnotes":"","jetpack_publicize_message":"","jetpack_publicize_feature_enabled":true,"jetpack_social_post_already_shared":false,"jetpack_social_options":{"image_generator_settings":{"template":"highway","default_image_id":0,"font":"","enabled":false},"version":2}},"categories":[32],"tags":[],"class_list":["post-2795","post","type-post","status-publish","format-standard","has-post-thumbnail","hentry","category-santoral"],"aioseo_notices":[],"jetpack_publicize_connections":[],"jetpack_featured_media_url":"https:\/\/i0.wp.com\/www.raulmayoral.es\/wp-content\/uploads\/2024\/09\/11-septiembre-1.jpg?fit=210%2C257&ssl=1","jetpack-related-posts":[],"jetpack_sharing_enabled":true,"_links":{"self":[{"href":"https:\/\/www.raulmayoral.es\/index.php\/wp-json\/wp\/v2\/posts\/2795","targetHints":{"allow":["GET"]}}],"collection":[{"href":"https:\/\/www.raulmayoral.es\/index.php\/wp-json\/wp\/v2\/posts"}],"about":[{"href":"https:\/\/www.raulmayoral.es\/index.php\/wp-json\/wp\/v2\/types\/post"}],"author":[{"embeddable":true,"href":"https:\/\/www.raulmayoral.es\/index.php\/wp-json\/wp\/v2\/users\/1"}],"replies":[{"embeddable":true,"href":"https:\/\/www.raulmayoral.es\/index.php\/wp-json\/wp\/v2\/comments?post=2795"}],"version-history":[{"count":1,"href":"https:\/\/www.raulmayoral.es\/index.php\/wp-json\/wp\/v2\/posts\/2795\/revisions"}],"predecessor-version":[{"id":2797,"href":"https:\/\/www.raulmayoral.es\/index.php\/wp-json\/wp\/v2\/posts\/2795\/revisions\/2797"}],"wp:featuredmedia":[{"embeddable":true,"href":"https:\/\/www.raulmayoral.es\/index.php\/wp-json\/wp\/v2\/media\/2800"}],"wp:attachment":[{"href":"https:\/\/www.raulmayoral.es\/index.php\/wp-json\/wp\/v2\/media?parent=2795"}],"wp:term":[{"taxonomy":"category","embeddable":true,"href":"https:\/\/www.raulmayoral.es\/index.php\/wp-json\/wp\/v2\/categories?post=2795"},{"taxonomy":"post_tag","embeddable":true,"href":"https:\/\/www.raulmayoral.es\/index.php\/wp-json\/wp\/v2\/tags?post=2795"}],"curies":[{"name":"wp","href":"https:\/\/api.w.org\/{rel}","templated":true}]}}