{"id":2802,"date":"2024-09-12T11:17:59","date_gmt":"2024-09-12T09:17:59","guid":{"rendered":"https:\/\/www.raulmayoral.es\/?p=2802"},"modified":"2024-09-12T11:18:01","modified_gmt":"2024-09-12T09:18:01","slug":"12-de-septiembre-san-guido-de-brabante-950-1012","status":"publish","type":"post","link":"https:\/\/www.raulmayoral.es\/index.php\/2024\/09\/12\/12-de-septiembre-san-guido-de-brabante-950-1012\/","title":{"rendered":"12 de septiembre. San Guido de Brabante (950-1012)"},"content":{"rendered":"\n<p class=\"wp-block-paragraph\">Campesino brabanz\u00f3n de Anderlecht, modelo de trabajo y de piedad, que por sus altas virtudes fue requerido para prestar sus servicios como sacrist\u00e1n en la iglesia de Nuestra Se\u00f1ora de Laeken, muy cerca de Bruselas. En un momento dado a <strong>Guido<\/strong> le tent\u00f3 el comercio, y en una operaci\u00f3n desafortunada perdi\u00f3 todos sus ahorros. Entonces, se impuso a s\u00ed mismo siete a\u00f1os de penitencia, durante los cuales se dedic\u00f3 a peregrinar, estando en Roma y dos veces en Tierra Santa.<\/p>\n\n\n\n<p class=\"wp-block-paragraph\">Muri\u00f3 poco despu\u00e9s de su regreso como alguien completamente desconocido y fue enterrado en Anderlecht. Pero los numerosos milagros que ocurrieron en torno a su sepultura hicieron que se veneraran sus reliquias y que su culto llegara a ser r\u00e1pidamente popular. Es patr\u00f3n de campesinos, sacristanes y campaneros, sin olvidar que tambi\u00e9n podr\u00eda ser patr\u00f3n de los malos inversores.<\/p>\n\n\n\n<p class=\"wp-block-paragraph\">Se le presenta como peregrino con bord\u00f3n y esclavina, pero su atributo es un buey de labranza, y as\u00ed une en su figura dos aspectos que parecen contradictorios: el de la vida sedentaria con trabajo de la tierra, y el de los afanes del viajero espiritual, sin ra\u00edces, buscando rastros de <strong>Dios<\/strong> por todo el mundo. La Iglesia hace as\u00ed de <strong>San Guido<\/strong> un s\u00edmbolo de las dos vertientes complementarias de la actividad cristiana, la de <strong>Marta<\/strong> y la de <strong>Mar\u00eda<\/strong>, a las que podr\u00edamos a\u00f1adir su solicitud cuidando del culto divino como sacrist\u00e1n.<\/p>\n\n\n\n<p class=\"wp-block-paragraph\">Fuente: <em>La casa de los Santos. Un Santo para cada d\u00eda<\/em>. Carlos Pujol.<\/p>\n\n\n\n<p class=\"wp-block-paragraph\"><\/p>\n","protected":false},"excerpt":{"rendered":"<p>Campesino brabanz\u00f3n de Anderlecht, modelo de trabajo y de piedad, que por sus altas virtudes fue requerido para prestar sus servicios como sacrist\u00e1n en la iglesia de Nuestra Se\u00f1ora de Laeken, muy cerca de Bruselas. En un momento dado a Guido le tent\u00f3 el comercio, y en una operaci\u00f3n desafortunada perdi\u00f3 todos sus ahorros. Entonces, [&hellip;]<\/p>\n","protected":false},"author":1,"featured_media":2803,"comment_status":"open","ping_status":"open","sticky":false,"template":"","format":"standard","meta":{"_crdt_document":"","om_disable_all_campaigns":false,"_monsterinsights_skip_tracking":false,"_monsterinsights_sitenote_active":false,"_monsterinsights_sitenote_note":"","_monsterinsights_sitenote_category":0,"_uf_show_specific_survey":0,"_uf_disable_surveys":false,"jetpack_post_was_ever_published":false,"_jetpack_newsletter_access":"","_jetpack_dont_email_post_to_subs":false,"_jetpack_newsletter_tier_id":0,"_jetpack_memberships_contains_paywalled_content":false,"_jetpack_memberships_contains_paid_content":false,"footnotes":"","jetpack_publicize_message":"","jetpack_publicize_feature_enabled":true,"jetpack_social_post_already_shared":false,"jetpack_social_options":{"image_generator_settings":{"template":"highway","default_image_id":0,"font":"","enabled":false},"version":2}},"categories":[32],"tags":[],"class_list":["post-2802","post","type-post","status-publish","format-standard","has-post-thumbnail","hentry","category-santoral"],"aioseo_notices":[],"jetpack_publicize_connections":[],"jetpack_featured_media_url":"https:\/\/i0.wp.com\/www.raulmayoral.es\/wp-content\/uploads\/2024\/09\/12-septiembre.jpg?fit=225%2C225&ssl=1","jetpack-related-posts":[],"jetpack_sharing_enabled":true,"_links":{"self":[{"href":"https:\/\/www.raulmayoral.es\/index.php\/wp-json\/wp\/v2\/posts\/2802","targetHints":{"allow":["GET"]}}],"collection":[{"href":"https:\/\/www.raulmayoral.es\/index.php\/wp-json\/wp\/v2\/posts"}],"about":[{"href":"https:\/\/www.raulmayoral.es\/index.php\/wp-json\/wp\/v2\/types\/post"}],"author":[{"embeddable":true,"href":"https:\/\/www.raulmayoral.es\/index.php\/wp-json\/wp\/v2\/users\/1"}],"replies":[{"embeddable":true,"href":"https:\/\/www.raulmayoral.es\/index.php\/wp-json\/wp\/v2\/comments?post=2802"}],"version-history":[{"count":1,"href":"https:\/\/www.raulmayoral.es\/index.php\/wp-json\/wp\/v2\/posts\/2802\/revisions"}],"predecessor-version":[{"id":2804,"href":"https:\/\/www.raulmayoral.es\/index.php\/wp-json\/wp\/v2\/posts\/2802\/revisions\/2804"}],"wp:featuredmedia":[{"embeddable":true,"href":"https:\/\/www.raulmayoral.es\/index.php\/wp-json\/wp\/v2\/media\/2803"}],"wp:attachment":[{"href":"https:\/\/www.raulmayoral.es\/index.php\/wp-json\/wp\/v2\/media?parent=2802"}],"wp:term":[{"taxonomy":"category","embeddable":true,"href":"https:\/\/www.raulmayoral.es\/index.php\/wp-json\/wp\/v2\/categories?post=2802"},{"taxonomy":"post_tag","embeddable":true,"href":"https:\/\/www.raulmayoral.es\/index.php\/wp-json\/wp\/v2\/tags?post=2802"}],"curies":[{"name":"wp","href":"https:\/\/api.w.org\/{rel}","templated":true}]}}