{"id":2809,"date":"2024-09-13T12:05:21","date_gmt":"2024-09-13T10:05:21","guid":{"rendered":"https:\/\/www.raulmayoral.es\/?p=2809"},"modified":"2024-09-13T12:05:22","modified_gmt":"2024-09-13T10:05:22","slug":"13-de-septiembre-san-juan-crisostomo-347-407","status":"publish","type":"post","link":"https:\/\/www.raulmayoral.es\/index.php\/2024\/09\/13\/13-de-septiembre-san-juan-crisostomo-347-407\/","title":{"rendered":"13 de septiembre. San Juan Cris\u00f3stomo (347-407)"},"content":{"rendered":"\n<p class=\"wp-block-paragraph\">Uno de los mayores oradores de la humanidad, <strong>Juan<\/strong> era llamado el de la Boca de Oro o Pico de Oro, adem\u00e1s de doctor de la Iglesia griega. Era hijo de un general del imperio bizantino, fue un hombre brusco, violento, poco diplom\u00e1tico. Una voz sin contemplaciones en aquella Constantinopla que herv\u00eda de intrigas, lujos y vanidades. Siendo disc\u00edpulo del ret\u00f3rico <strong>Libanio<\/strong>, comenz\u00f3 una nueva vida convertido por la fe. Se retir\u00f3 al desierto porque para aprender a hablar antes hay que aprender a callar y a escuchar el silencio, lecci\u00f3n que no aprendi\u00f3 de Libanio, sino del Esp\u00edritu Santo.<\/p>\n\n\n\n<p class=\"wp-block-paragraph\">Luego fue arzobispo de Constantinopla, conoci\u00f3 el exilio y el retorno. Pronunci\u00f3 grandes discursos mezclados de vigor y ternura, violencia y persuasi\u00f3n, pasi\u00f3n por la causa de Dios y arte de la oratoria, defensa de los oprimidos y verdades de la fe. Cuando <strong>Satan\u00e1s<\/strong>, irritado por sus triunfos, volc\u00f3 su escritorio, el santo moj\u00f3 la pluma en su propia boca y la sac\u00f3 con tinta de oro.<\/p>\n\n\n\n<p class=\"wp-block-paragraph\"><strong>San Juan Cris\u00f3stomo <\/strong>morir\u00e1 en el destierro rodeado por fin de silencio, lejos de las multitudes de Constantinopla, solo y haciendo homenaje de su elocuencia al silencio de <strong>Dios.<\/strong> Su emblema es una colmena de abeja, alusi\u00f3n metaf\u00f3rica  a su oratoria, dulce como la miel y sustento de los fieles.<\/p>\n\n\n\n<p class=\"wp-block-paragraph\">Fuente: <em>La casa de los Santos. Un Santo para cada d\u00eda<\/em>. Carlos Pujol.<\/p>\n","protected":false},"excerpt":{"rendered":"<p>Uno de los mayores oradores de la humanidad, Juan era llamado el de la Boca de Oro o Pico de Oro, adem\u00e1s de doctor de la Iglesia griega. Era hijo de un general del imperio bizantino, fue un hombre brusco, violento, poco diplom\u00e1tico. Una voz sin contemplaciones en aquella Constantinopla que herv\u00eda de intrigas, lujos [&hellip;]<\/p>\n","protected":false},"author":1,"featured_media":2806,"comment_status":"open","ping_status":"open","sticky":false,"template":"","format":"standard","meta":{"_crdt_document":"","om_disable_all_campaigns":false,"_monsterinsights_skip_tracking":false,"_monsterinsights_sitenote_active":false,"_monsterinsights_sitenote_note":"","_monsterinsights_sitenote_category":0,"_uf_show_specific_survey":0,"_uf_disable_surveys":false,"jetpack_post_was_ever_published":false,"_jetpack_newsletter_access":"","_jetpack_dont_email_post_to_subs":false,"_jetpack_newsletter_tier_id":0,"_jetpack_memberships_contains_paywalled_content":false,"_jetpack_memberships_contains_paid_content":false,"footnotes":"","jetpack_publicize_message":"","jetpack_publicize_feature_enabled":true,"jetpack_social_post_already_shared":false,"jetpack_social_options":{"image_generator_settings":{"template":"highway","default_image_id":0,"font":"","enabled":false},"version":2}},"categories":[32],"tags":[],"class_list":["post-2809","post","type-post","status-publish","format-standard","has-post-thumbnail","hentry","category-santoral"],"aioseo_notices":[],"jetpack_publicize_connections":[],"jetpack_featured_media_url":"https:\/\/i0.wp.com\/www.raulmayoral.es\/wp-content\/uploads\/2024\/09\/13-de-septiembre.jpg?fit=800%2C533&ssl=1","jetpack-related-posts":[],"jetpack_sharing_enabled":true,"_links":{"self":[{"href":"https:\/\/www.raulmayoral.es\/index.php\/wp-json\/wp\/v2\/posts\/2809","targetHints":{"allow":["GET"]}}],"collection":[{"href":"https:\/\/www.raulmayoral.es\/index.php\/wp-json\/wp\/v2\/posts"}],"about":[{"href":"https:\/\/www.raulmayoral.es\/index.php\/wp-json\/wp\/v2\/types\/post"}],"author":[{"embeddable":true,"href":"https:\/\/www.raulmayoral.es\/index.php\/wp-json\/wp\/v2\/users\/1"}],"replies":[{"embeddable":true,"href":"https:\/\/www.raulmayoral.es\/index.php\/wp-json\/wp\/v2\/comments?post=2809"}],"version-history":[{"count":1,"href":"https:\/\/www.raulmayoral.es\/index.php\/wp-json\/wp\/v2\/posts\/2809\/revisions"}],"predecessor-version":[{"id":2810,"href":"https:\/\/www.raulmayoral.es\/index.php\/wp-json\/wp\/v2\/posts\/2809\/revisions\/2810"}],"wp:featuredmedia":[{"embeddable":true,"href":"https:\/\/www.raulmayoral.es\/index.php\/wp-json\/wp\/v2\/media\/2806"}],"wp:attachment":[{"href":"https:\/\/www.raulmayoral.es\/index.php\/wp-json\/wp\/v2\/media?parent=2809"}],"wp:term":[{"taxonomy":"category","embeddable":true,"href":"https:\/\/www.raulmayoral.es\/index.php\/wp-json\/wp\/v2\/categories?post=2809"},{"taxonomy":"post_tag","embeddable":true,"href":"https:\/\/www.raulmayoral.es\/index.php\/wp-json\/wp\/v2\/tags?post=2809"}],"curies":[{"name":"wp","href":"https:\/\/api.w.org\/{rel}","templated":true}]}}