{"id":2811,"date":"2024-09-14T14:13:34","date_gmt":"2024-09-14T12:13:34","guid":{"rendered":"https:\/\/www.raulmayoral.es\/?p=2811"},"modified":"2024-09-14T14:15:53","modified_gmt":"2024-09-14T12:15:53","slug":"14-de-septiembre-santa-notburga-1265-1313","status":"publish","type":"post","link":"https:\/\/www.raulmayoral.es\/index.php\/2024\/09\/14\/14-de-septiembre-santa-notburga-1265-1313\/","title":{"rendered":"14 de septiembre. Santa Notburga (1265-1313)"},"content":{"rendered":"\n<p class=\"wp-block-paragraph\">Tirolesa de Rattenberg, hija de labriegos sin fortuna, <strong>Notburga<\/strong> fue cocinera en el castillo del conde <strong>Enrique de Rothenburg<\/strong>, y m\u00e1s tarde sirvi\u00f3 en una casa de labranza de un granjero de Eben. Como ella ped\u00eda hacer una pausa en su labor para rezar el \u00c1ngelus, y como el tal granjero se neg\u00f3 a concederle unos minutos para sus devociones, la hoz que manejaba Notburga qued\u00f3 milagrosamente suspendida en el aire.<\/p>\n\n\n\n<p class=\"wp-block-paragraph\">Como tambi\u00e9n <strong>Santa Zita<\/strong>, Notburga es patrona del servicio dom\u00e9stico s\u00f3lo que en el Tirol y la Baviera. Nos la imaginamos con las manos agrietadas y callosas entre las ahumadas paredes de las cocinas de anta\u00f1o, en la pocilga o en el corral, si no dedic\u00e1ndose a las rudas tareas del campo. Sin duda para ella lo de que <strong>Dios <\/strong>tambi\u00e9n anda entre los pucheros fue algo m\u00e1s que una met\u00e1fora.<\/p>\n\n\n\n<p class=\"wp-block-paragraph\">Sus restos, muy venerados en la regi\u00f3n, descansan en una capilla de Eben. A <strong>Santa Notburga <\/strong>se la suele representar vestida de campesina tirolesa, y sus atributos son la gavilla, la hoz y una c\u00e1ntara de leche.<\/p>\n\n\n\n<p class=\"wp-block-paragraph\">Fuente: <em>La casa de los Santos. Un Santo para cada d\u00eda<\/em>. Carlos Pujol.<\/p>\n","protected":false},"excerpt":{"rendered":"<p>Tirolesa de Rattenberg, hija de labriegos sin fortuna, Notburga fue cocinera en el castillo del conde Enrique de Rothenburg, y m\u00e1s tarde sirvi\u00f3 en una casa de labranza de un granjero de Eben. Como ella ped\u00eda hacer una pausa en su labor para rezar el \u00c1ngelus, y como el tal granjero se neg\u00f3 a concederle [&hellip;]<\/p>\n","protected":false},"author":1,"featured_media":2812,"comment_status":"open","ping_status":"open","sticky":false,"template":"","format":"standard","meta":{"_crdt_document":"","om_disable_all_campaigns":false,"_monsterinsights_skip_tracking":false,"_monsterinsights_sitenote_active":false,"_monsterinsights_sitenote_note":"","_monsterinsights_sitenote_category":0,"_uf_show_specific_survey":0,"_uf_disable_surveys":false,"jetpack_post_was_ever_published":false,"_jetpack_newsletter_access":"","_jetpack_dont_email_post_to_subs":false,"_jetpack_newsletter_tier_id":0,"_jetpack_memberships_contains_paywalled_content":false,"_jetpack_memberships_contains_paid_content":false,"footnotes":"","jetpack_publicize_message":"","jetpack_publicize_feature_enabled":true,"jetpack_social_post_already_shared":false,"jetpack_social_options":{"image_generator_settings":{"template":"highway","default_image_id":0,"font":"","enabled":false},"version":2}},"categories":[32],"tags":[],"class_list":["post-2811","post","type-post","status-publish","format-standard","has-post-thumbnail","hentry","category-santoral"],"aioseo_notices":[],"jetpack_publicize_connections":[],"jetpack_featured_media_url":"https:\/\/i0.wp.com\/www.raulmayoral.es\/wp-content\/uploads\/2024\/09\/14-septiembre.jpg?fit=216%2C450&ssl=1","jetpack-related-posts":[],"jetpack_sharing_enabled":true,"_links":{"self":[{"href":"https:\/\/www.raulmayoral.es\/index.php\/wp-json\/wp\/v2\/posts\/2811","targetHints":{"allow":["GET"]}}],"collection":[{"href":"https:\/\/www.raulmayoral.es\/index.php\/wp-json\/wp\/v2\/posts"}],"about":[{"href":"https:\/\/www.raulmayoral.es\/index.php\/wp-json\/wp\/v2\/types\/post"}],"author":[{"embeddable":true,"href":"https:\/\/www.raulmayoral.es\/index.php\/wp-json\/wp\/v2\/users\/1"}],"replies":[{"embeddable":true,"href":"https:\/\/www.raulmayoral.es\/index.php\/wp-json\/wp\/v2\/comments?post=2811"}],"version-history":[{"count":2,"href":"https:\/\/www.raulmayoral.es\/index.php\/wp-json\/wp\/v2\/posts\/2811\/revisions"}],"predecessor-version":[{"id":2814,"href":"https:\/\/www.raulmayoral.es\/index.php\/wp-json\/wp\/v2\/posts\/2811\/revisions\/2814"}],"wp:featuredmedia":[{"embeddable":true,"href":"https:\/\/www.raulmayoral.es\/index.php\/wp-json\/wp\/v2\/media\/2812"}],"wp:attachment":[{"href":"https:\/\/www.raulmayoral.es\/index.php\/wp-json\/wp\/v2\/media?parent=2811"}],"wp:term":[{"taxonomy":"category","embeddable":true,"href":"https:\/\/www.raulmayoral.es\/index.php\/wp-json\/wp\/v2\/categories?post=2811"},{"taxonomy":"post_tag","embeddable":true,"href":"https:\/\/www.raulmayoral.es\/index.php\/wp-json\/wp\/v2\/tags?post=2811"}],"curies":[{"name":"wp","href":"https:\/\/api.w.org\/{rel}","templated":true}]}}