{"id":2815,"date":"2024-09-15T16:17:41","date_gmt":"2024-09-15T14:17:41","guid":{"rendered":"https:\/\/www.raulmayoral.es\/?p=2815"},"modified":"2024-09-15T16:17:43","modified_gmt":"2024-09-15T14:17:43","slug":"15-de-septiembre-santa-catalina-de-genova-1447-1510","status":"publish","type":"post","link":"https:\/\/www.raulmayoral.es\/index.php\/2024\/09\/15\/15-de-septiembre-santa-catalina-de-genova-1447-1510\/","title":{"rendered":"15 de septiembre. Santa Catalina de G\u00e9nova (1447-1510)"},"content":{"rendered":"\n<p class=\"wp-block-paragraph\">Genovesa, de la ilustre familia de los <strong>Fieschi<\/strong> e hija del virrey de N\u00e1poles, <strong>Catalina<\/strong> se vio casada a los diecis\u00e9is a\u00f1os con un noble, <strong>Giuliano Adorno<\/strong>, marido col\u00e9rico, poco virtuoso, disipado e infiel que la hizo vivir replegada en s\u00ed misma en medio de una profunda tristeza. Pero ella obedece a quienes le dicen que su deber de esposa es seguir a su marido en la vida mundana propia de su condici\u00f3n, y durante cinco a\u00f1os, Catalina frecuenta salones aristocr\u00e1ticos, asiste a fiestas y acepta el inevitable juego social. Persiste su inquietud y concluye que ella no est\u00e1 hecha para aquello.<\/p>\n\n\n\n<p class=\"wp-block-paragraph\">Hacia 1473, acaece el gran cambio: nada de aceptar las reglas del mundo. Es ella quien impondr\u00e1 las suyas desde fuera del mundo, pase lo que pase. Penitencias, ayunos riguros\u00edsimos, largas oraciones, mientras se dedica a los enfermos m\u00e1s repugnantes y abandonados, como los que padecen en el hospital de Pammatone. Todos aseguran que el matrimonio se romper\u00e1 porque Giuliano se exasperar\u00e1 con tal actitud. Todo lo contrario, el marido se convierte en un hombre muy piadoso, que ayuda a su esposa en sus obras de caridad y se hace miembro de la orden tercera de <strong>San Francisco<\/strong>.<\/p>\n\n\n\n<p class=\"wp-block-paragraph\">No hay l\u00f3gica en todo eso, ni tampoco en el torbellino interior de <strong>Santa Catalina<\/strong>, del que surgen visiones y estados m\u00edsticos como los que se reflejan en el <em>Tratado del Purgatorio <\/em>y el <em>Di\u00e1logo espiritual<\/em>. Es patrona de G\u00e9nova y en sus im\u00e1genes lleva en la mano un coraz\u00f3n traspasado.<\/p>\n\n\n\n<p class=\"wp-block-paragraph\">Fuente: <em>La casa de los Santos. Un Santo para cada d\u00eda<\/em>. Carlos Pujol.<\/p>\n\n\n\n<p class=\"wp-block-paragraph\"><\/p>\n","protected":false},"excerpt":{"rendered":"<p>Genovesa, de la ilustre familia de los Fieschi e hija del virrey de N\u00e1poles, Catalina se vio casada a los diecis\u00e9is a\u00f1os con un noble, Giuliano Adorno, marido col\u00e9rico, poco virtuoso, disipado e infiel que la hizo vivir replegada en s\u00ed misma en medio de una profunda tristeza. Pero ella obedece a quienes le dicen [&hellip;]<\/p>\n","protected":false},"author":1,"featured_media":2816,"comment_status":"open","ping_status":"open","sticky":false,"template":"","format":"standard","meta":{"_crdt_document":"","om_disable_all_campaigns":false,"_monsterinsights_skip_tracking":false,"_monsterinsights_sitenote_active":false,"_monsterinsights_sitenote_note":"","_monsterinsights_sitenote_category":0,"_uf_show_specific_survey":0,"_uf_disable_surveys":false,"jetpack_post_was_ever_published":false,"_jetpack_newsletter_access":"","_jetpack_dont_email_post_to_subs":false,"_jetpack_newsletter_tier_id":0,"_jetpack_memberships_contains_paywalled_content":false,"_jetpack_memberships_contains_paid_content":false,"footnotes":"","jetpack_publicize_message":"","jetpack_publicize_feature_enabled":true,"jetpack_social_post_already_shared":false,"jetpack_social_options":{"image_generator_settings":{"template":"highway","default_image_id":0,"font":"","enabled":false},"version":2}},"categories":[32],"tags":[],"class_list":["post-2815","post","type-post","status-publish","format-standard","has-post-thumbnail","hentry","category-santoral"],"aioseo_notices":[],"jetpack_publicize_connections":[],"jetpack_featured_media_url":"https:\/\/i0.wp.com\/www.raulmayoral.es\/wp-content\/uploads\/2024\/09\/15-septiembre.jpg?fit=336%2C391&ssl=1","jetpack-related-posts":[],"jetpack_sharing_enabled":true,"_links":{"self":[{"href":"https:\/\/www.raulmayoral.es\/index.php\/wp-json\/wp\/v2\/posts\/2815","targetHints":{"allow":["GET"]}}],"collection":[{"href":"https:\/\/www.raulmayoral.es\/index.php\/wp-json\/wp\/v2\/posts"}],"about":[{"href":"https:\/\/www.raulmayoral.es\/index.php\/wp-json\/wp\/v2\/types\/post"}],"author":[{"embeddable":true,"href":"https:\/\/www.raulmayoral.es\/index.php\/wp-json\/wp\/v2\/users\/1"}],"replies":[{"embeddable":true,"href":"https:\/\/www.raulmayoral.es\/index.php\/wp-json\/wp\/v2\/comments?post=2815"}],"version-history":[{"count":1,"href":"https:\/\/www.raulmayoral.es\/index.php\/wp-json\/wp\/v2\/posts\/2815\/revisions"}],"predecessor-version":[{"id":2817,"href":"https:\/\/www.raulmayoral.es\/index.php\/wp-json\/wp\/v2\/posts\/2815\/revisions\/2817"}],"wp:featuredmedia":[{"embeddable":true,"href":"https:\/\/www.raulmayoral.es\/index.php\/wp-json\/wp\/v2\/media\/2816"}],"wp:attachment":[{"href":"https:\/\/www.raulmayoral.es\/index.php\/wp-json\/wp\/v2\/media?parent=2815"}],"wp:term":[{"taxonomy":"category","embeddable":true,"href":"https:\/\/www.raulmayoral.es\/index.php\/wp-json\/wp\/v2\/categories?post=2815"},{"taxonomy":"post_tag","embeddable":true,"href":"https:\/\/www.raulmayoral.es\/index.php\/wp-json\/wp\/v2\/tags?post=2815"}],"curies":[{"name":"wp","href":"https:\/\/api.w.org\/{rel}","templated":true}]}}