{"id":2823,"date":"2024-09-17T13:45:56","date_gmt":"2024-09-17T11:45:56","guid":{"rendered":"https:\/\/www.raulmayoral.es\/?p=2823"},"modified":"2024-09-17T13:45:57","modified_gmt":"2024-09-17T11:45:57","slug":"17-de-septiembre-santa-hildegarda-de-bingen-1098-1179","status":"publish","type":"post","link":"https:\/\/www.raulmayoral.es\/index.php\/2024\/09\/17\/17-de-septiembre-santa-hildegarda-de-bingen-1098-1179\/","title":{"rendered":"17 de septiembre. Santa Hildegarda de Bingen (1098-1179)"},"content":{"rendered":"\n<p class=\"wp-block-paragraph\">Nacida en Bermersheim, en el alem\u00e1n Valle del Rin, <strong>Hildegarda<\/strong> (\u00abaudaz en la batalla\u00bb), es la menor de diez hermanos siendo consagrada desde su nacimiento a Dios por decisi\u00f3n paterna. Vive desde ni\u00f1a entre oraci\u00f3n y silencio, en el monasterio benedictino de Disibodenberg. Comienza a tener visiones, pero un d\u00eda, con cuarenta y tres a\u00f1os, durante una sus visiones escucha una voz: \u00abDi pues estas maravillas, y escr\u00edbelas tal y como te son ense\u00f1adas y dichas\u00bb. Ella obedece y escribe.<\/p>\n\n\n\n<p class=\"wp-block-paragraph\"><em>Scivias<\/em>, \u00abConoce los caminos\u00bb, es su primera obra tras una d\u00e9cada de escritura. En ella recoge lo que experimenta en sus visiones. Algunos fragmentos llegan a ser le\u00eddos por el Papa <strong>Eugenio III<\/strong> en el s\u00ednodo de Tr\u00e9veris.  Pero, adem\u00e1s de continuar escribiendo, Hildegarda despliega una trepidante actividad: funda y dirige dos monasterios, atiende a enfermos y visitantes gracias a sus conocimientos m\u00e9dicos, dirige a sus hermanas monjas con entrega y dedicaci\u00f3n, fruto de una ternura maternal, mantiene correspondencia con laicos y religiosos, prelados y gobernantes (el emperador <strong>Federico Barbarroja<\/strong>), compone m\u00fasica  y realiza cuatro grandes viajes de predicaci\u00f3n. <\/p>\n\n\n\n<p class=\"wp-block-paragraph\">Todo en <strong>Santa Hildegarda <\/strong>resulta ins\u00f3lito: la fuerza de sus visiones, su inagotable espiritualidad y sus profundos conocimientos. Ella, que se hab\u00eda definido como indocta, es desde 2012 Doctora de la Iglesia, t\u00edtulo otorgado por el Papa <strong>Benedicto XVI<\/strong>. Hoy contin\u00faa sorprendi\u00e9ndonos por su inabarcable y perenne sabidur\u00eda. <\/p>\n\n\n\n<p class=\"wp-block-paragraph\">Fuente: <em>La casa de los Santos. Un Santo para cada d\u00eda<\/em>. Carlos Pujol.<\/p>\n","protected":false},"excerpt":{"rendered":"<p>Nacida en Bermersheim, en el alem\u00e1n Valle del Rin, Hildegarda (\u00abaudaz en la batalla\u00bb), es la menor de diez hermanos siendo consagrada desde su nacimiento a Dios por decisi\u00f3n paterna. Vive desde ni\u00f1a entre oraci\u00f3n y silencio, en el monasterio benedictino de Disibodenberg. Comienza a tener visiones, pero un d\u00eda, con cuarenta y tres a\u00f1os, [&hellip;]<\/p>\n","protected":false},"author":1,"featured_media":2824,"comment_status":"open","ping_status":"open","sticky":false,"template":"","format":"standard","meta":{"_crdt_document":"","om_disable_all_campaigns":false,"_monsterinsights_skip_tracking":false,"_monsterinsights_sitenote_active":false,"_monsterinsights_sitenote_note":"","_monsterinsights_sitenote_category":0,"_uf_show_specific_survey":0,"_uf_disable_surveys":false,"jetpack_post_was_ever_published":false,"_jetpack_newsletter_access":"","_jetpack_dont_email_post_to_subs":false,"_jetpack_newsletter_tier_id":0,"_jetpack_memberships_contains_paywalled_content":false,"_jetpack_memberships_contains_paid_content":false,"footnotes":"","jetpack_publicize_message":"","jetpack_publicize_feature_enabled":true,"jetpack_social_post_already_shared":false,"jetpack_social_options":{"image_generator_settings":{"template":"highway","default_image_id":0,"font":"","enabled":false},"version":2}},"categories":[32],"tags":[],"class_list":["post-2823","post","type-post","status-publish","format-standard","has-post-thumbnail","hentry","category-santoral"],"aioseo_notices":[],"jetpack_publicize_connections":[],"jetpack_featured_media_url":"https:\/\/i0.wp.com\/www.raulmayoral.es\/wp-content\/uploads\/2024\/09\/17-septiembre.png?fit=347%2C520&ssl=1","jetpack-related-posts":[],"jetpack_sharing_enabled":true,"_links":{"self":[{"href":"https:\/\/www.raulmayoral.es\/index.php\/wp-json\/wp\/v2\/posts\/2823","targetHints":{"allow":["GET"]}}],"collection":[{"href":"https:\/\/www.raulmayoral.es\/index.php\/wp-json\/wp\/v2\/posts"}],"about":[{"href":"https:\/\/www.raulmayoral.es\/index.php\/wp-json\/wp\/v2\/types\/post"}],"author":[{"embeddable":true,"href":"https:\/\/www.raulmayoral.es\/index.php\/wp-json\/wp\/v2\/users\/1"}],"replies":[{"embeddable":true,"href":"https:\/\/www.raulmayoral.es\/index.php\/wp-json\/wp\/v2\/comments?post=2823"}],"version-history":[{"count":1,"href":"https:\/\/www.raulmayoral.es\/index.php\/wp-json\/wp\/v2\/posts\/2823\/revisions"}],"predecessor-version":[{"id":2825,"href":"https:\/\/www.raulmayoral.es\/index.php\/wp-json\/wp\/v2\/posts\/2823\/revisions\/2825"}],"wp:featuredmedia":[{"embeddable":true,"href":"https:\/\/www.raulmayoral.es\/index.php\/wp-json\/wp\/v2\/media\/2824"}],"wp:attachment":[{"href":"https:\/\/www.raulmayoral.es\/index.php\/wp-json\/wp\/v2\/media?parent=2823"}],"wp:term":[{"taxonomy":"category","embeddable":true,"href":"https:\/\/www.raulmayoral.es\/index.php\/wp-json\/wp\/v2\/categories?post=2823"},{"taxonomy":"post_tag","embeddable":true,"href":"https:\/\/www.raulmayoral.es\/index.php\/wp-json\/wp\/v2\/tags?post=2823"}],"curies":[{"name":"wp","href":"https:\/\/api.w.org\/{rel}","templated":true}]}}