{"id":2826,"date":"2024-09-18T07:23:15","date_gmt":"2024-09-18T05:23:15","guid":{"rendered":"https:\/\/www.raulmayoral.es\/?p=2826"},"modified":"2024-09-18T07:32:28","modified_gmt":"2024-09-18T05:32:28","slug":"18-de-septiembre-san-jose-de-cupertino-1603-1663","status":"publish","type":"post","link":"https:\/\/www.raulmayoral.es\/index.php\/2024\/09\/18\/18-de-septiembre-san-jose-de-cupertino-1603-1663\/","title":{"rendered":"18 de septiembre. San Jos\u00e9 de Cupertino (1603-1663)"},"content":{"rendered":"\n<p class=\"wp-block-paragraph\">Muy ignorante, a duras penas sab\u00eda leer y escribir, cerrado de mollera y adem\u00e1s torpe. Aprender los trabajos m\u00e1s sencillos le costaba meses: le llev\u00f3 mucho tiempo, se dice, distinguir el pan blanco del negro . Personaje simpl\u00f3n y rid\u00edculo, adem\u00e1s de enfermizo y enclenque. Se llamaba a s\u00ed mismo, fray Asno. Los dem\u00e1s tambi\u00e9n le llamaban as\u00ed, cuando no le colgaban unos sambenitos peores.<\/p>\n\n\n\n<p class=\"wp-block-paragraph\">C\u00f3mo pudo ordenarse fue un milagro de la Providencia. Fue una verdadera calamidad, una de las personas m\u00e1s in\u00fatiles que se hab\u00eda visto en los conventos por donde pas\u00f3. Los capuchinos, que tuvieron la debilidad de aceptarle, acabaron por deshacerse de \u00e9l, y los franciscanos, con quienes se qued\u00f3, se hac\u00edan lenguas de aquel caso inaudito de bober\u00eda. Pero Fray Asno s\u00f3lo sab\u00eda obedecer, ser humilde, paciente, enamorado de <strong>Dios <\/strong>y devot\u00edsimo de la Virgen. <\/p>\n\n\n\n<p class=\"wp-block-paragraph\">Negado para los estudios, pero a su alrededor florec\u00edan prodigios que atra\u00edan a multitudes y despertaban las suspicacias de la Inquisici\u00f3n. \u00a1Qu\u00e9 fraile m\u00e1s raro! \u00a1Un hombre que estaba continuamente en \u00e9xtasis elev\u00e1ndose en el aire ante multitud de testigos! O\u00eda pronunciar el nombre de <strong>Jes\u00fas<\/strong> o de <strong>Mar\u00eda<\/strong>, y fray<strong> Jos\u00e9<\/strong> levantaba el vuelo. Es el fun\u00e1mbulo de la santidad, el santo a\u00e9reo. Patr\u00f3n de los parias, de los que no sirven para nada, de los que no tocan con los pies en el suelo. Con su vida, <strong>San Jos\u00e9 de Cupertino <\/strong>quiz\u00e1 nos reproche ser tan \u00fatiles, h\u00e1biles y listos como nos empe\u00f1amos en parecer. <\/p>\n\n\n\n<p class=\"wp-block-paragraph\">Fuente: <em>La casa de los Santos. Un Santo para cada d\u00eda<\/em>. Carlos Pujol<\/p>\n","protected":false},"excerpt":{"rendered":"<p>Muy ignorante, a duras penas sab\u00eda leer y escribir, cerrado de mollera y adem\u00e1s torpe. Aprender los trabajos m\u00e1s sencillos le costaba meses: le llev\u00f3 mucho tiempo, se dice, distinguir el pan blanco del negro . Personaje simpl\u00f3n y rid\u00edculo, adem\u00e1s de enfermizo y enclenque. Se llamaba a s\u00ed mismo, fray Asno. Los dem\u00e1s tambi\u00e9n [&hellip;]<\/p>\n","protected":false},"author":1,"featured_media":2827,"comment_status":"open","ping_status":"open","sticky":false,"template":"","format":"standard","meta":{"_crdt_document":"","om_disable_all_campaigns":false,"_monsterinsights_skip_tracking":false,"_monsterinsights_sitenote_active":false,"_monsterinsights_sitenote_note":"","_monsterinsights_sitenote_category":0,"_uf_show_specific_survey":0,"_uf_disable_surveys":false,"jetpack_post_was_ever_published":false,"_jetpack_newsletter_access":"","_jetpack_dont_email_post_to_subs":false,"_jetpack_newsletter_tier_id":0,"_jetpack_memberships_contains_paywalled_content":false,"_jetpack_memberships_contains_paid_content":false,"footnotes":"","jetpack_publicize_message":"","jetpack_publicize_feature_enabled":true,"jetpack_social_post_already_shared":false,"jetpack_social_options":{"image_generator_settings":{"template":"highway","default_image_id":0,"font":"","enabled":false},"version":2}},"categories":[32],"tags":[],"class_list":["post-2826","post","type-post","status-publish","format-standard","has-post-thumbnail","hentry","category-santoral"],"aioseo_notices":[],"jetpack_publicize_connections":[],"jetpack_featured_media_url":"https:\/\/i0.wp.com\/www.raulmayoral.es\/wp-content\/uploads\/2024\/09\/18-de-septiembre.jpg?fit=1030%2C600&ssl=1","jetpack-related-posts":[],"jetpack_sharing_enabled":true,"_links":{"self":[{"href":"https:\/\/www.raulmayoral.es\/index.php\/wp-json\/wp\/v2\/posts\/2826","targetHints":{"allow":["GET"]}}],"collection":[{"href":"https:\/\/www.raulmayoral.es\/index.php\/wp-json\/wp\/v2\/posts"}],"about":[{"href":"https:\/\/www.raulmayoral.es\/index.php\/wp-json\/wp\/v2\/types\/post"}],"author":[{"embeddable":true,"href":"https:\/\/www.raulmayoral.es\/index.php\/wp-json\/wp\/v2\/users\/1"}],"replies":[{"embeddable":true,"href":"https:\/\/www.raulmayoral.es\/index.php\/wp-json\/wp\/v2\/comments?post=2826"}],"version-history":[{"count":3,"href":"https:\/\/www.raulmayoral.es\/index.php\/wp-json\/wp\/v2\/posts\/2826\/revisions"}],"predecessor-version":[{"id":2831,"href":"https:\/\/www.raulmayoral.es\/index.php\/wp-json\/wp\/v2\/posts\/2826\/revisions\/2831"}],"wp:featuredmedia":[{"embeddable":true,"href":"https:\/\/www.raulmayoral.es\/index.php\/wp-json\/wp\/v2\/media\/2827"}],"wp:attachment":[{"href":"https:\/\/www.raulmayoral.es\/index.php\/wp-json\/wp\/v2\/media?parent=2826"}],"wp:term":[{"taxonomy":"category","embeddable":true,"href":"https:\/\/www.raulmayoral.es\/index.php\/wp-json\/wp\/v2\/categories?post=2826"},{"taxonomy":"post_tag","embeddable":true,"href":"https:\/\/www.raulmayoral.es\/index.php\/wp-json\/wp\/v2\/tags?post=2826"}],"curies":[{"name":"wp","href":"https:\/\/api.w.org\/{rel}","templated":true}]}}